{"id":1501,"date":"2023-04-25T16:34:18","date_gmt":"2023-04-25T16:34:18","guid":{"rendered":"https:\/\/www.lakeside.brussels\/?p=1501"},"modified":"2023-05-12T08:08:48","modified_gmt":"2023-05-12T08:08:48","slug":"sur-le-site-de-tour-taxis-le-projet-lake-side-montera-dans-les-tours","status":"publish","type":"post","link":"https:\/\/www.lakeside.brussels\/fr\/sur-le-site-de-tour-taxis-le-projet-lake-side-montera-dans-les-tours\/","title":{"rendered":"Sur le site de Tour &#038; Taxis, le projet Lake Side montera dans les tours"},"content":{"rendered":"<p>[et_pb_section fb_built=\u00a0\u00bb1&Prime; _builder_version=\u00a0\u00bb4.20.2&Prime; _module_preset=\u00a0\u00bbdefault\u00a0\u00bb global_colors_info=\u00a0\u00bb{}\u00a0\u00bb theme_builder_area=\u00a0\u00bbpost_content\u00a0\u00bb][et_pb_row _builder_version=\u00a0\u00bb4.20.2&Prime; _module_preset=\u00a0\u00bbdefault\u00a0\u00bb global_colors_info=\u00a0\u00bb{}\u00a0\u00bb theme_builder_area=\u00a0\u00bbpost_content\u00a0\u00bb][et_pb_column type=\u00a0\u00bb4_4&Prime; _builder_version=\u00a0\u00bb4.20.2&Prime; _module_preset=\u00a0\u00bbdefault\u00a0\u00bb global_colors_info=\u00a0\u00bb{}\u00a0\u00bb theme_builder_area=\u00a0\u00bbpost_content\u00a0\u00bb][et_pb_text _builder_version=\u00a0\u00bb4.20.2&Prime; _module_preset=\u00a0\u00bbdefault\u00a0\u00bb hover_enabled=\u00a0\u00bb0&Prime; global_colors_info=\u00a0\u00bb{}\u00a0\u00bb theme_builder_area=\u00a0\u00bbpost_content\u00a0\u00bb sticky_enabled=\u00a0\u00bb0&Prime;]<\/p>\n<p><strong>Avec Lake Side, un des plus grands projets de r\u00e9am\u00e9nagement urbain r\u00e9alis\u00e9 en Belgique ces 20\u202fderni\u00e8res ann\u00e9es, Nextensa monte haut et fort. Les visuels d\u00e9voil\u00e9s ce mardi 25 avril ont de quoi donner le vertige.<\/strong><\/p>\n<p class=\"dropcap\">Lake Side scellera la phase finale du d\u00e9veloppement mixte port\u00e9 par Nextensa sur le site embl\u00e9matique de Tour &amp; Taxis. Comme nous l\u2019annoncions il y a quelques jours, le promoteur et investisseur flamand cot\u00e9 en bourse a r\u00e9cemment introduit la demande de permis.<\/p>\n<p>Concr\u00e8tement, il s\u2019agit de d\u00e9velopper pas moins de\u00a0140.000\u202fm\u00e8tres carr\u00e9s suppl\u00e9mentaires, dans le cadre d\u2019un programme essentiellement r\u00e9sidentiel comprenant environ quelque\u00a0800\u202flogements neufs r\u00e9partis sur 33 hectares. Mais des espaces de bureaux (+- 40.000 m2) et des \u00e9quipements publics (+- 4.000 m2) viendront compl\u00e9ter le programme mixte.<\/p>\n<p><span>C\u2019est le\u00a0<\/span>bureau d\u2019architectes MVRDV<span>, bas\u00e9 \u00e0 Rotterdam, qui a \u00e9labor\u00e9 un plan d\u2019urbanisme directeur en parfaite ad\u00e9quation avec la programmation du site et le PPAS (plan particulier du sol) Tour &amp; Taxis, approuv\u00e9 en 2017. Les bureaux d\u2019architectes retenus pour les diff\u00e9rentes tours planifi\u00e9es (voir visuels) sont\u00a0<\/span>Binst Architects, POLO, HUB, Bureau Bouwtechniek, 3XN, Cobe et Effekt,\u00a0Ney &amp; Partners<span>\u00a0\u00e9tant en charge des \u00e9tudes de stabilit\u00e9. L\u2019am\u00e9nagement des abords de la nouvelle zone a \u00e9t\u00e9 confi\u00e9 \u00e0\u00a0<\/span>Bas Smets<span>, architecte paysagiste belge \u00e0 la renomm\u00e9e largement internationale, surtout depuis qu\u2019il a dessin\u00e9 les abords verdur\u00e9s de Notre-Dame de Paris.<\/span><\/p>\n<h6><strong>RETOUR DE LA VERTICALIT\u00c9<\/strong><\/h6>\n<p><span>Ce qui frappe sur les visuels d\u00e9voil\u00e9s ce matin en primeur, c\u2019est la verticalit\u00e9 du projet, de plus en plus rare dans la capitale.\u00a0<\/span>Peter De Durpel, le COO de Nextensa<span>, s\u2019en explique: \u00abSi nous souhaitons ouvrir davantage l\u2019espace, nous devons logiquement construire partiellement en hauteur. Et s\u2019il est un endroit dans notre ville o\u00f9 nous pouvons envisager une succession harmonieuse d\u2019immeubles r\u00e9sidentiels en hauteur, c\u2019est bien ici.\u202fNous r\u00e9pondons d\u2019ailleurs au besoin imp\u00e9rieux de logements \u00e0 Bruxelles, tout en privil\u00e9giant la plus grande mixit\u00e9 sociale possible. Et le PPAS pr\u00e9voyait \u00e0 cet endroit un grand nombre de nouvelles unit\u00e9s d\u2019habitation\u00bb, argumente-t-il.<\/span><\/p>\n<h6><strong>SITE SANS VOITURE CONFIRM<\/strong><strong>\u00c9<\/strong><\/h6>\n<p>Un grand parking pour v\u00e9los vient d\u2019\u00eatre am\u00e9nag\u00e9 et l\u2019entr\u00e9e principale de Tour &amp; Taxis sur l\u2019avenue du Port est d\u00e9sormais r\u00e9serv\u00e9e aux cyclistes et aux pi\u00e9tons. Seul le stationnement en sous-sol est encore possible. L\u2019objectif confirm\u00e9 est\u00a0<strong>d\u2019interdire totalement l\u2019acc\u00e8s aux voitures dans le futur<\/strong>. \u00abL\u2019av\u00e8nement du projet Lake Side est un pas de plus en direction d\u2019un quartier o\u00f9 logements, espaces de travail, lieux de d\u00e9tente et nature sont accessibles en 5\u202fminutes\u00bb, ajoute Peter De Durpel.<\/p>\n<div id=\"below_para_5\"><\/div>\n<p>Si les d\u00e9lais annonc\u00e9s sont respect\u00e9s, les travaux pourraient \u00eatre lanc\u00e9s d\u00e9but 2025. Afin d\u2019informer toutes les parties int\u00e9ress\u00e9es, en particulier les riverains de Tour &amp; Taxis, Nextensa promet d\u2019organiser r\u00e9guli\u00e8rement des s\u00e9ances d\u2019information dans le quartier. Vu le volume et la hauteur du projet d\u00e9voil\u00e9 ce matin, c\u2019est sans doute la moindre des choses quand on conna\u00eet la r\u00e9activit\u00e9 des groupes de pression citoyens \u00e0 l\u2019\u00e9gard des projets locaux. Lors du dernier salon Realty, organis\u00e9 sous la charpente r\u00e9nov\u00e9e de la Gare Maritime, ceux-ci s\u2019\u00e9taient fait entendre, d\u00e9non\u00e7ant \u00e0 nouveau l\u2019inaccessibilit\u00e9 \u00e0 un logement d\u00e9cent pour une frange de la population bruxelloise de plus en plus large.<\/p>\n<p><span>SOURCE:<a href=\"https:\/\/trends.levif.be\/a-la-une\/sur-le-site-de-tour-taxis-le-projet-lake-side-montera-dans-les-tours\/%20\" target=\"_blank\" rel=\"noopener\"> <em>Tendances<\/em><\/a><\/span><\/p>\n<p><span style=\"text-decoration: underline;\"><em><\/em><\/span><\/p>\n<p><span style=\"text-decoration: underline;\"><em>Articles de presse li\u00e9s:<\/em><\/span><br \/>&#8211; Nextensa d\u00e9taille ses plans pour le futur de Tour &amp; Taxis. Source <a href=\"https:\/\/www.lakeside.brussels\/wp-content\/uploads\/2023\/05\/Press-Review-Nextensas-Lake-Side-20230502-LECHO-FR-gecomprimeerd.pdf\" target=\"_blank\" rel=\"noopener\"><em>L&rsquo;Echo<\/em><\/a><br \/><em>&#8211;\u00a0<\/em>Un promoteur immobilier pr\u00e9voit 800 nouveaux logements sur le site de Tour &amp; Taxis. Source <a href=\"https:\/\/www.rtl.be\/actu\/regions\/bruxelles\/un-promoteur-immobilier-prevoit-800-nouveaux-logements-sur-le-site-de-tour-taxis\/2023-04-25\/article\/546673%20\" target=\"_blank\" rel=\"noopener\"><em>RTL\u00a0 info<\/em><\/a><br \/>&#8211; L&rsquo;un des plus grands projets de r\u00e9am\u00e9nagement urbain en Belgique entre dans sa phase finale. Source<a href=\"https:\/\/www.architectura.be\/fr\/actualite\/l-un-des-plus-grands-projets-de-reamenagement-urbain-en-belgique-entre-dans-sa-phase-finale\/?utm_source=newsletter&amp;utm_campaign=20230427_FR\" target=\"_blank\" rel=\"noopener\"><em> Architectura<\/em><\/a><br \/>&#8211; Le propri\u00e9taire de Tour &amp; Taxis demande le permis pour la phase finale du site. Source <a href=\"https:\/\/trends.levif.be\/immo\/le-proprietaire-de-tour-taxis-demande-le-permis-pour-la-phase-finale-du-site\/\" target=\"_blank\" rel=\"noopener\">Trends.levif<\/a><br \/>&#8211; Le site de Tour &amp; Taxis devient un projet exemplaire \u00e0 l&rsquo;international. Source: <a href=\"https:\/\/www.lejournaldelarchitecte.be\/actualite\/projets\/be\/6194-le-site-de-tour-taxis-devient-un-projet-exemplaire-a-l-international.html\" target=\"_blank\" rel=\"noopener\">Le Journal de l&rsquo;Architecte<\/a><\/p>\n<p>[\/et_pb_text][et_pb_text _builder_version=\u00a0\u00bb4.20.2&Prime; _module_preset=\u00a0\u00bbdefault\u00a0\u00bb global_colors_info=\u00a0\u00bb{}\u00a0\u00bb theme_builder_area=\u00a0\u00bbpost_content\u00a0\u00bb][\/et_pb_text][\/et_pb_column][\/et_pb_row][\/et_pb_section]<\/p>\n","protected":false},"excerpt":{"rendered":"<p>Avec Lake Side, un des plus grands projets de r\u00e9am\u00e9nagement urbain r\u00e9alis\u00e9 en Belgique ces 20\u202fderni\u00e8res ann\u00e9es, Nextensa monte haut et fort. Les visuels d\u00e9voil\u00e9s ce mardi 25 avril ont de quoi donner le vertige. Lake Side scellera la phase finale du d\u00e9veloppement mixte port\u00e9 par Nextensa sur le site embl\u00e9matique de Tour &amp; Taxis. Comme nous l\u2019annoncions il y a quelques jours, le promoteur et investisseur flamand cot\u00e9 en bourse a r\u00e9cemment introduit la demande de permis. Concr\u00e8tement, il s\u2019agit de d\u00e9velopper pas moins de\u00a0140.000\u202fm\u00e8tres carr\u00e9s suppl\u00e9mentaires, dans le cadre d\u2019un programme essentiellement r\u00e9sidentiel comprenant environ quelque\u00a0800\u202flogements neufs r\u00e9partis sur 33 hectares. Mais des espaces de bureaux (+- 40.000 m2) et des \u00e9quipements publics (+- 4.000 m2) viendront compl\u00e9ter le programme mixte. C\u2019est le\u00a0bureau d\u2019architectes MVRDV, bas\u00e9 \u00e0 Rotterdam, qui a \u00e9labor\u00e9 un plan d\u2019urbanisme directeur en parfaite ad\u00e9quation avec la programmation du site et le PPAS (plan particulier du sol) Tour &amp; Taxis, approuv\u00e9 en 2017. Les bureaux d\u2019architectes retenus pour les diff\u00e9rentes tours planifi\u00e9es (voir visuels) sont\u00a0Binst Architects, POLO, HUB, Bureau Bouwtechniek, 3XN, Cobe et Effekt,\u00a0Ney &amp; Partners\u00a0\u00e9tant en charge des \u00e9tudes de stabilit\u00e9. L\u2019am\u00e9nagement des abords de la nouvelle zone a \u00e9t\u00e9 confi\u00e9 \u00e0\u00a0Bas Smets, architecte [&hellip;]<\/p>\n","protected":false},"author":1,"featured_media":1479,"comment_status":"open","ping_status":"open","sticky":false,"template":"","format":"standard","meta":{"_acf_changed":false,"_et_pb_use_builder":"on","_et_pb_old_content":"<!-- wp:divi\/placeholder \/-->","_et_gb_content_width":"","inline_featured_image":false,"footnotes":"","_links_to":"","_links_to_target":""},"categories":[1,2],"tags":[],"dipi_cpt_category":[],"class_list":["post-1501","post","type-post","status-publish","format-standard","has-post-thumbnail","hentry","category-blog"],"acf":[],"yoast_head":"<!-- This site is optimized with the Yoast SEO plugin v27.5 - https:\/\/yoast.com\/product\/yoast-seo-wordpress\/ -->\n<title>Sur le site de Tour &amp; Taxis, le projet Lake Side montera dans les tours - Lakeside Brussels<\/title>\n<meta name=\"robots\" content=\"index, follow, max-snippet:-1, max-image-preview:large, max-video-preview:-1\" \/>\n<link rel=\"canonical\" href=\"https:\/\/www.lakeside.brussels\/fr\/sur-le-site-de-tour-taxis-le-projet-lake-side-montera-dans-les-tours\/\" \/>\n<meta property=\"og:locale\" content=\"fr_FR\" \/>\n<meta property=\"og:type\" content=\"article\" \/>\n<meta property=\"og:title\" content=\"Sur le site de Tour &amp; Taxis, le projet Lake Side montera dans les tours - Lakeside Brussels\" \/>\n<meta property=\"og:description\" content=\"Avec Lake Side, un des plus grands projets de r\u00e9am\u00e9nagement urbain r\u00e9alis\u00e9 en Belgique ces 20\u202fderni\u00e8res ann\u00e9es, Nextensa monte haut et fort. Les visuels d\u00e9voil\u00e9s ce mardi 25 avril ont de quoi donner le vertige. Lake Side scellera la phase finale du d\u00e9veloppement mixte port\u00e9 par Nextensa sur le site embl\u00e9matique de Tour &amp; Taxis. Comme nous l\u2019annoncions il y a quelques jours, le promoteur et investisseur flamand cot\u00e9 en bourse a r\u00e9cemment introduit la demande de permis. Concr\u00e8tement, il s\u2019agit de d\u00e9velopper pas moins de\u00a0140.000\u202fm\u00e8tres carr\u00e9s suppl\u00e9mentaires, dans le cadre d\u2019un programme essentiellement r\u00e9sidentiel comprenant environ quelque\u00a0800\u202flogements neufs r\u00e9partis sur 33 hectares. Mais des espaces de bureaux (+- 40.000 m2) et des \u00e9quipements publics (+- 4.000 m2) viendront compl\u00e9ter le programme mixte. C\u2019est le\u00a0bureau d\u2019architectes MVRDV, bas\u00e9 \u00e0 Rotterdam, qui a \u00e9labor\u00e9 un plan d\u2019urbanisme directeur en parfaite ad\u00e9quation avec la programmation du site et le PPAS (plan particulier du sol) Tour &amp; Taxis, approuv\u00e9 en 2017. Les bureaux d\u2019architectes retenus pour les diff\u00e9rentes tours planifi\u00e9es (voir visuels) sont\u00a0Binst Architects, POLO, HUB, Bureau Bouwtechniek, 3XN, Cobe et Effekt,\u00a0Ney &amp; Partners\u00a0\u00e9tant en charge des \u00e9tudes de stabilit\u00e9. L\u2019am\u00e9nagement des abords de la nouvelle zone a \u00e9t\u00e9 confi\u00e9 \u00e0\u00a0Bas Smets, architecte [&hellip;]\" \/>\n<meta property=\"og:url\" content=\"https:\/\/www.lakeside.brussels\/fr\/sur-le-site-de-tour-taxis-le-projet-lake-side-montera-dans-les-tours\/\" \/>\n<meta property=\"og:site_name\" content=\"Lakeside Brussels\" \/>\n<meta property=\"article:published_time\" content=\"2023-04-25T16:34:18+00:00\" \/>\n<meta property=\"article:modified_time\" content=\"2023-05-12T08:08:48+00:00\" \/>\n<meta property=\"og:image\" content=\"https:\/\/www.lakeside.brussels\/wp-content\/uploads\/2023\/04\/1396-Tour-Taxis-Brussels-Zone-A_1600x1600-1.jpg\" \/>\n\t<meta property=\"og:image:width\" content=\"1600\" \/>\n\t<meta property=\"og:image:height\" content=\"1600\" \/>\n\t<meta property=\"og:image:type\" content=\"image\/jpeg\" \/>\n<meta name=\"author\" content=\"admin\" \/>\n<meta name=\"twitter:card\" content=\"summary_large_image\" \/>\n<meta name=\"twitter:label1\" content=\"\u00c9crit par\" \/>\n\t<meta name=\"twitter:data1\" content=\"admin\" \/>\n\t<meta name=\"twitter:label2\" content=\"Dur\u00e9e de lecture estim\u00e9e\" \/>\n\t<meta name=\"twitter:data2\" content=\"3 minutes\" \/>\n<script type=\"application\/ld+json\" class=\"yoast-schema-graph\">{\"@context\":\"https:\\\/\\\/schema.org\",\"@graph\":[{\"@type\":\"Article\",\"@id\":\"https:\\\/\\\/www.lakeside.brussels\\\/fr\\\/sur-le-site-de-tour-taxis-le-projet-lake-side-montera-dans-les-tours\\\/#article\",\"isPartOf\":{\"@id\":\"https:\\\/\\\/www.lakeside.brussels\\\/fr\\\/sur-le-site-de-tour-taxis-le-projet-lake-side-montera-dans-les-tours\\\/\"},\"author\":{\"name\":\"admin\",\"@id\":\"https:\\\/\\\/www.lakeside.brussels\\\/fr\\\/#\\\/schema\\\/person\\\/cb69cde8529f69bfbe6496adaf43aa07\"},\"headline\":\"Sur le site de Tour &#038; Taxis, le projet Lake Side montera dans les tours\",\"datePublished\":\"2023-04-25T16:34:18+00:00\",\"dateModified\":\"2023-05-12T08:08:48+00:00\",\"mainEntityOfPage\":{\"@id\":\"https:\\\/\\\/www.lakeside.brussels\\\/fr\\\/sur-le-site-de-tour-taxis-le-projet-lake-side-montera-dans-les-tours\\\/\"},\"wordCount\":813,\"commentCount\":0,\"publisher\":{\"@id\":\"https:\\\/\\\/www.lakeside.brussels\\\/fr\\\/#organization\"},\"image\":{\"@id\":\"https:\\\/\\\/www.lakeside.brussels\\\/fr\\\/sur-le-site-de-tour-taxis-le-projet-lake-side-montera-dans-les-tours\\\/#primaryimage\"},\"thumbnailUrl\":\"https:\\\/\\\/www.lakeside.brussels\\\/wp-content\\\/uploads\\\/2023\\\/04\\\/1396-Tour-Taxis-Brussels-Zone-A_1600x1600-1.jpg\",\"articleSection\":[\"Blog\",\"Blog\"],\"inLanguage\":\"fr-FR\"},{\"@type\":\"WebPage\",\"@id\":\"https:\\\/\\\/www.lakeside.brussels\\\/fr\\\/sur-le-site-de-tour-taxis-le-projet-lake-side-montera-dans-les-tours\\\/\",\"url\":\"https:\\\/\\\/www.lakeside.brussels\\\/fr\\\/sur-le-site-de-tour-taxis-le-projet-lake-side-montera-dans-les-tours\\\/\",\"name\":\"Sur le site de Tour & Taxis, le projet Lake Side montera dans les tours - Lakeside Brussels\",\"isPartOf\":{\"@id\":\"https:\\\/\\\/www.lakeside.brussels\\\/fr\\\/#website\"},\"primaryImageOfPage\":{\"@id\":\"https:\\\/\\\/www.lakeside.brussels\\\/fr\\\/sur-le-site-de-tour-taxis-le-projet-lake-side-montera-dans-les-tours\\\/#primaryimage\"},\"image\":{\"@id\":\"https:\\\/\\\/www.lakeside.brussels\\\/fr\\\/sur-le-site-de-tour-taxis-le-projet-lake-side-montera-dans-les-tours\\\/#primaryimage\"},\"thumbnailUrl\":\"https:\\\/\\\/www.lakeside.brussels\\\/wp-content\\\/uploads\\\/2023\\\/04\\\/1396-Tour-Taxis-Brussels-Zone-A_1600x1600-1.jpg\",\"datePublished\":\"2023-04-25T16:34:18+00:00\",\"dateModified\":\"2023-05-12T08:08:48+00:00\",\"breadcrumb\":{\"@id\":\"https:\\\/\\\/www.lakeside.brussels\\\/fr\\\/sur-le-site-de-tour-taxis-le-projet-lake-side-montera-dans-les-tours\\\/#breadcrumb\"},\"inLanguage\":\"fr-FR\",\"potentialAction\":[{\"@type\":\"ReadAction\",\"target\":[\"https:\\\/\\\/www.lakeside.brussels\\\/fr\\\/sur-le-site-de-tour-taxis-le-projet-lake-side-montera-dans-les-tours\\\/\"]}]},{\"@type\":\"ImageObject\",\"inLanguage\":\"fr-FR\",\"@id\":\"https:\\\/\\\/www.lakeside.brussels\\\/fr\\\/sur-le-site-de-tour-taxis-le-projet-lake-side-montera-dans-les-tours\\\/#primaryimage\",\"url\":\"https:\\\/\\\/www.lakeside.brussels\\\/wp-content\\\/uploads\\\/2023\\\/04\\\/1396-Tour-Taxis-Brussels-Zone-A_1600x1600-1.jpg\",\"contentUrl\":\"https:\\\/\\\/www.lakeside.brussels\\\/wp-content\\\/uploads\\\/2023\\\/04\\\/1396-Tour-Taxis-Brussels-Zone-A_1600x1600-1.jpg\",\"width\":1600,\"height\":1600},{\"@type\":\"BreadcrumbList\",\"@id\":\"https:\\\/\\\/www.lakeside.brussels\\\/fr\\\/sur-le-site-de-tour-taxis-le-projet-lake-side-montera-dans-les-tours\\\/#breadcrumb\",\"itemListElement\":[{\"@type\":\"ListItem\",\"position\":1,\"name\":\"Home\",\"item\":\"https:\\\/\\\/www.lakeside.brussels\\\/\"},{\"@type\":\"ListItem\",\"position\":2,\"name\":\"Sur le site de Tour &#038; Taxis, le projet Lake Side montera dans les tours\"}]},{\"@type\":\"WebSite\",\"@id\":\"https:\\\/\\\/www.lakeside.brussels\\\/fr\\\/#website\",\"url\":\"https:\\\/\\\/www.lakeside.brussels\\\/fr\\\/\",\"name\":\"Lakeside Brussels\",\"description\":\"Informatieplatform van de toekomstbuurt op Tour&amp;Taxis\",\"publisher\":{\"@id\":\"https:\\\/\\\/www.lakeside.brussels\\\/fr\\\/#organization\"},\"potentialAction\":[{\"@type\":\"SearchAction\",\"target\":{\"@type\":\"EntryPoint\",\"urlTemplate\":\"https:\\\/\\\/www.lakeside.brussels\\\/fr\\\/?s={search_term_string}\"},\"query-input\":{\"@type\":\"PropertyValueSpecification\",\"valueRequired\":true,\"valueName\":\"search_term_string\"}}],\"inLanguage\":\"fr-FR\"},{\"@type\":\"Organization\",\"@id\":\"https:\\\/\\\/www.lakeside.brussels\\\/fr\\\/#organization\",\"name\":\"Lakeside Brussels\",\"url\":\"https:\\\/\\\/www.lakeside.brussels\\\/fr\\\/\",\"logo\":{\"@type\":\"ImageObject\",\"inLanguage\":\"fr-FR\",\"@id\":\"https:\\\/\\\/www.lakeside.brussels\\\/fr\\\/#\\\/schema\\\/logo\\\/image\\\/\",\"url\":\"https:\\\/\\\/www.lakeside.brussels\\\/wp-content\\\/uploads\\\/2023\\\/04\\\/Areal-view-scaled.jpg\",\"contentUrl\":\"https:\\\/\\\/www.lakeside.brussels\\\/wp-content\\\/uploads\\\/2023\\\/04\\\/Areal-view-scaled.jpg\",\"width\":2560,\"height\":1539,\"caption\":\"Lakeside Brussels\"},\"image\":{\"@id\":\"https:\\\/\\\/www.lakeside.brussels\\\/fr\\\/#\\\/schema\\\/logo\\\/image\\\/\"}},{\"@type\":\"Person\",\"@id\":\"https:\\\/\\\/www.lakeside.brussels\\\/fr\\\/#\\\/schema\\\/person\\\/cb69cde8529f69bfbe6496adaf43aa07\",\"name\":\"admin\",\"image\":{\"@type\":\"ImageObject\",\"inLanguage\":\"fr-FR\",\"@id\":\"https:\\\/\\\/secure.gravatar.com\\\/avatar\\\/20626e488e8446242eb4b5bbbbac7c448b8c5b13e4c80350e3d311b990b2effa?s=96&d=mm&r=g\",\"url\":\"https:\\\/\\\/secure.gravatar.com\\\/avatar\\\/20626e488e8446242eb4b5bbbbac7c448b8c5b13e4c80350e3d311b990b2effa?s=96&d=mm&r=g\",\"contentUrl\":\"https:\\\/\\\/secure.gravatar.com\\\/avatar\\\/20626e488e8446242eb4b5bbbbac7c448b8c5b13e4c80350e3d311b990b2effa?s=96&d=mm&r=g\",\"caption\":\"admin\"},\"sameAs\":[\"https:\\\/\\\/www.lakeside.brussels\"],\"url\":\"https:\\\/\\\/www.lakeside.brussels\\\/fr\\\/author\\\/admin\\\/\"}]}<\/script>\n<!-- \/ Yoast SEO plugin. -->","yoast_head_json":{"title":"Sur le site de Tour & Taxis, le projet Lake Side montera dans les tours - Lakeside Brussels","robots":{"index":"index","follow":"follow","max-snippet":"max-snippet:-1","max-image-preview":"max-image-preview:large","max-video-preview":"max-video-preview:-1"},"canonical":"https:\/\/www.lakeside.brussels\/fr\/sur-le-site-de-tour-taxis-le-projet-lake-side-montera-dans-les-tours\/","og_locale":"fr_FR","og_type":"article","og_title":"Sur le site de Tour & Taxis, le projet Lake Side montera dans les tours - Lakeside Brussels","og_description":"Avec Lake Side, un des plus grands projets de r\u00e9am\u00e9nagement urbain r\u00e9alis\u00e9 en Belgique ces 20\u202fderni\u00e8res ann\u00e9es, Nextensa monte haut et fort. Les visuels d\u00e9voil\u00e9s ce mardi 25 avril ont de quoi donner le vertige. Lake Side scellera la phase finale du d\u00e9veloppement mixte port\u00e9 par Nextensa sur le site embl\u00e9matique de Tour &amp; Taxis. Comme nous l\u2019annoncions il y a quelques jours, le promoteur et investisseur flamand cot\u00e9 en bourse a r\u00e9cemment introduit la demande de permis. Concr\u00e8tement, il s\u2019agit de d\u00e9velopper pas moins de\u00a0140.000\u202fm\u00e8tres carr\u00e9s suppl\u00e9mentaires, dans le cadre d\u2019un programme essentiellement r\u00e9sidentiel comprenant environ quelque\u00a0800\u202flogements neufs r\u00e9partis sur 33 hectares. Mais des espaces de bureaux (+- 40.000 m2) et des \u00e9quipements publics (+- 4.000 m2) viendront compl\u00e9ter le programme mixte. C\u2019est le\u00a0bureau d\u2019architectes MVRDV, bas\u00e9 \u00e0 Rotterdam, qui a \u00e9labor\u00e9 un plan d\u2019urbanisme directeur en parfaite ad\u00e9quation avec la programmation du site et le PPAS (plan particulier du sol) Tour &amp; Taxis, approuv\u00e9 en 2017. Les bureaux d\u2019architectes retenus pour les diff\u00e9rentes tours planifi\u00e9es (voir visuels) sont\u00a0Binst Architects, POLO, HUB, Bureau Bouwtechniek, 3XN, Cobe et Effekt,\u00a0Ney &amp; Partners\u00a0\u00e9tant en charge des \u00e9tudes de stabilit\u00e9. L\u2019am\u00e9nagement des abords de la nouvelle zone a \u00e9t\u00e9 confi\u00e9 \u00e0\u00a0Bas Smets, architecte [&hellip;]","og_url":"https:\/\/www.lakeside.brussels\/fr\/sur-le-site-de-tour-taxis-le-projet-lake-side-montera-dans-les-tours\/","og_site_name":"Lakeside Brussels","article_published_time":"2023-04-25T16:34:18+00:00","article_modified_time":"2023-05-12T08:08:48+00:00","og_image":[{"width":1600,"height":1600,"url":"https:\/\/www.lakeside.brussels\/wp-content\/uploads\/2023\/04\/1396-Tour-Taxis-Brussels-Zone-A_1600x1600-1.jpg","type":"image\/jpeg"}],"author":"admin","twitter_card":"summary_large_image","twitter_misc":{"\u00c9crit par":"admin","Dur\u00e9e de lecture estim\u00e9e":"3 minutes"},"schema":{"@context":"https:\/\/schema.org","@graph":[{"@type":"Article","@id":"https:\/\/www.lakeside.brussels\/fr\/sur-le-site-de-tour-taxis-le-projet-lake-side-montera-dans-les-tours\/#article","isPartOf":{"@id":"https:\/\/www.lakeside.brussels\/fr\/sur-le-site-de-tour-taxis-le-projet-lake-side-montera-dans-les-tours\/"},"author":{"name":"admin","@id":"https:\/\/www.lakeside.brussels\/fr\/#\/schema\/person\/cb69cde8529f69bfbe6496adaf43aa07"},"headline":"Sur le site de Tour &#038; Taxis, le projet Lake Side montera dans les tours","datePublished":"2023-04-25T16:34:18+00:00","dateModified":"2023-05-12T08:08:48+00:00","mainEntityOfPage":{"@id":"https:\/\/www.lakeside.brussels\/fr\/sur-le-site-de-tour-taxis-le-projet-lake-side-montera-dans-les-tours\/"},"wordCount":813,"commentCount":0,"publisher":{"@id":"https:\/\/www.lakeside.brussels\/fr\/#organization"},"image":{"@id":"https:\/\/www.lakeside.brussels\/fr\/sur-le-site-de-tour-taxis-le-projet-lake-side-montera-dans-les-tours\/#primaryimage"},"thumbnailUrl":"https:\/\/www.lakeside.brussels\/wp-content\/uploads\/2023\/04\/1396-Tour-Taxis-Brussels-Zone-A_1600x1600-1.jpg","articleSection":["Blog","Blog"],"inLanguage":"fr-FR"},{"@type":"WebPage","@id":"https:\/\/www.lakeside.brussels\/fr\/sur-le-site-de-tour-taxis-le-projet-lake-side-montera-dans-les-tours\/","url":"https:\/\/www.lakeside.brussels\/fr\/sur-le-site-de-tour-taxis-le-projet-lake-side-montera-dans-les-tours\/","name":"Sur le site de Tour & Taxis, le projet Lake Side montera dans les tours - Lakeside Brussels","isPartOf":{"@id":"https:\/\/www.lakeside.brussels\/fr\/#website"},"primaryImageOfPage":{"@id":"https:\/\/www.lakeside.brussels\/fr\/sur-le-site-de-tour-taxis-le-projet-lake-side-montera-dans-les-tours\/#primaryimage"},"image":{"@id":"https:\/\/www.lakeside.brussels\/fr\/sur-le-site-de-tour-taxis-le-projet-lake-side-montera-dans-les-tours\/#primaryimage"},"thumbnailUrl":"https:\/\/www.lakeside.brussels\/wp-content\/uploads\/2023\/04\/1396-Tour-Taxis-Brussels-Zone-A_1600x1600-1.jpg","datePublished":"2023-04-25T16:34:18+00:00","dateModified":"2023-05-12T08:08:48+00:00","breadcrumb":{"@id":"https:\/\/www.lakeside.brussels\/fr\/sur-le-site-de-tour-taxis-le-projet-lake-side-montera-dans-les-tours\/#breadcrumb"},"inLanguage":"fr-FR","potentialAction":[{"@type":"ReadAction","target":["https:\/\/www.lakeside.brussels\/fr\/sur-le-site-de-tour-taxis-le-projet-lake-side-montera-dans-les-tours\/"]}]},{"@type":"ImageObject","inLanguage":"fr-FR","@id":"https:\/\/www.lakeside.brussels\/fr\/sur-le-site-de-tour-taxis-le-projet-lake-side-montera-dans-les-tours\/#primaryimage","url":"https:\/\/www.lakeside.brussels\/wp-content\/uploads\/2023\/04\/1396-Tour-Taxis-Brussels-Zone-A_1600x1600-1.jpg","contentUrl":"https:\/\/www.lakeside.brussels\/wp-content\/uploads\/2023\/04\/1396-Tour-Taxis-Brussels-Zone-A_1600x1600-1.jpg","width":1600,"height":1600},{"@type":"BreadcrumbList","@id":"https:\/\/www.lakeside.brussels\/fr\/sur-le-site-de-tour-taxis-le-projet-lake-side-montera-dans-les-tours\/#breadcrumb","itemListElement":[{"@type":"ListItem","position":1,"name":"Home","item":"https:\/\/www.lakeside.brussels\/"},{"@type":"ListItem","position":2,"name":"Sur le site de Tour &#038; Taxis, le projet Lake Side montera dans les tours"}]},{"@type":"WebSite","@id":"https:\/\/www.lakeside.brussels\/fr\/#website","url":"https:\/\/www.lakeside.brussels\/fr\/","name":"Lakeside Brussels","description":"Informatieplatform van de toekomstbuurt op Tour&amp;Taxis","publisher":{"@id":"https:\/\/www.lakeside.brussels\/fr\/#organization"},"potentialAction":[{"@type":"SearchAction","target":{"@type":"EntryPoint","urlTemplate":"https:\/\/www.lakeside.brussels\/fr\/?s={search_term_string}"},"query-input":{"@type":"PropertyValueSpecification","valueRequired":true,"valueName":"search_term_string"}}],"inLanguage":"fr-FR"},{"@type":"Organization","@id":"https:\/\/www.lakeside.brussels\/fr\/#organization","name":"Lakeside Brussels","url":"https:\/\/www.lakeside.brussels\/fr\/","logo":{"@type":"ImageObject","inLanguage":"fr-FR","@id":"https:\/\/www.lakeside.brussels\/fr\/#\/schema\/logo\/image\/","url":"https:\/\/www.lakeside.brussels\/wp-content\/uploads\/2023\/04\/Areal-view-scaled.jpg","contentUrl":"https:\/\/www.lakeside.brussels\/wp-content\/uploads\/2023\/04\/Areal-view-scaled.jpg","width":2560,"height":1539,"caption":"Lakeside Brussels"},"image":{"@id":"https:\/\/www.lakeside.brussels\/fr\/#\/schema\/logo\/image\/"}},{"@type":"Person","@id":"https:\/\/www.lakeside.brussels\/fr\/#\/schema\/person\/cb69cde8529f69bfbe6496adaf43aa07","name":"admin","image":{"@type":"ImageObject","inLanguage":"fr-FR","@id":"https:\/\/secure.gravatar.com\/avatar\/20626e488e8446242eb4b5bbbbac7c448b8c5b13e4c80350e3d311b990b2effa?s=96&d=mm&r=g","url":"https:\/\/secure.gravatar.com\/avatar\/20626e488e8446242eb4b5bbbbac7c448b8c5b13e4c80350e3d311b990b2effa?s=96&d=mm&r=g","contentUrl":"https:\/\/secure.gravatar.com\/avatar\/20626e488e8446242eb4b5bbbbac7c448b8c5b13e4c80350e3d311b990b2effa?s=96&d=mm&r=g","caption":"admin"},"sameAs":["https:\/\/www.lakeside.brussels"],"url":"https:\/\/www.lakeside.brussels\/fr\/author\/admin\/"}]}},"_links":{"self":[{"href":"https:\/\/www.lakeside.brussels\/fr\/wp-json\/wp\/v2\/posts\/1501","targetHints":{"allow":["GET"]}}],"collection":[{"href":"https:\/\/www.lakeside.brussels\/fr\/wp-json\/wp\/v2\/posts"}],"about":[{"href":"https:\/\/www.lakeside.brussels\/fr\/wp-json\/wp\/v2\/types\/post"}],"author":[{"embeddable":true,"href":"https:\/\/www.lakeside.brussels\/fr\/wp-json\/wp\/v2\/users\/1"}],"replies":[{"embeddable":true,"href":"https:\/\/www.lakeside.brussels\/fr\/wp-json\/wp\/v2\/comments?post=1501"}],"version-history":[{"count":16,"href":"https:\/\/www.lakeside.brussels\/fr\/wp-json\/wp\/v2\/posts\/1501\/revisions"}],"predecessor-version":[{"id":1577,"href":"https:\/\/www.lakeside.brussels\/fr\/wp-json\/wp\/v2\/posts\/1501\/revisions\/1577"}],"wp:featuredmedia":[{"embeddable":true,"href":"https:\/\/www.lakeside.brussels\/fr\/wp-json\/wp\/v2\/media\/1479"}],"wp:attachment":[{"href":"https:\/\/www.lakeside.brussels\/fr\/wp-json\/wp\/v2\/media?parent=1501"}],"wp:term":[{"taxonomy":"category","embeddable":true,"href":"https:\/\/www.lakeside.brussels\/fr\/wp-json\/wp\/v2\/categories?post=1501"},{"taxonomy":"post_tag","embeddable":true,"href":"https:\/\/www.lakeside.brussels\/fr\/wp-json\/wp\/v2\/tags?post=1501"},{"taxonomy":"dipi_cpt_category","embeddable":true,"href":"https:\/\/www.lakeside.brussels\/fr\/wp-json\/wp\/v2\/dipi_cpt_category?post=1501"}],"curies":[{"name":"wp","href":"https:\/\/api.w.org\/{rel}","templated":true}]}}