{"id":1626,"date":"2023-06-21T15:50:33","date_gmt":"2023-06-21T15:50:33","guid":{"rendered":"https:\/\/www.lakeside.brussels\/?p=1626"},"modified":"2023-06-23T10:10:06","modified_gmt":"2023-06-23T10:10:06","slug":"brussels-real-estate-academy-2023","status":"publish","type":"post","link":"https:\/\/www.lakeside.brussels\/fr\/brussels-real-estate-academy-2023\/","title":{"rendered":"BRUSSELS REAL ESTATE ACADEMY 2023"},"content":{"rendered":"<p>[et_pb_section fb_built=\u00a0\u00bb1&Prime; _builder_version=\u00a0\u00bb4.20.2&Prime; _module_preset=\u00a0\u00bbdefault\u00a0\u00bb global_colors_info=\u00a0\u00bb{}\u00a0\u00bb theme_builder_area=\u00a0\u00bbpost_content\u00a0\u00bb][et_pb_row _builder_version=\u00a0\u00bb4.20.2&Prime; _module_preset=\u00a0\u00bbdefault\u00a0\u00bb global_colors_info=\u00a0\u00bb{}\u00a0\u00bb theme_builder_area=\u00a0\u00bbpost_content\u00a0\u00bb][et_pb_column type=\u00a0\u00bb4_4&Prime; _builder_version=\u00a0\u00bb4.20.2&Prime; _module_preset=\u00a0\u00bbdefault\u00a0\u00bb global_colors_info=\u00a0\u00bb{}\u00a0\u00bb theme_builder_area=\u00a0\u00bbpost_content\u00a0\u00bb][et_pb_text _builder_version=\u00a0\u00bb4.20.2&Prime; _module_preset=\u00a0\u00bbdefault\u00a0\u00bb hover_enabled=\u00a0\u00bb0&Prime; global_colors_info=\u00a0\u00bb{}\u00a0\u00bb theme_builder_area=\u00a0\u00bbpost_content\u00a0\u00bb sticky_enabled=\u00a0\u00bb0&Prime;]<\/p>\n<p style=\"font-weight: 400;\">Our CEO Michel Van Geyte was one of the top speakers during the Brussels Real Estate Academy 2023 and proudly announced that the Tour &amp; Taxis site that Nextensa owns has now become the showpiece of Brussels and far beyond in terms of sustainable mixed-use 5 minute neighbourhood.\u00a0 From green management, solar panel parks, water management, geothermal energy and re-use of materials on the one hand to social governance in terms of inclusivity, event accessibility and mix<span>ity<\/span> of\u00a0 <span>recreation <\/span>and activities&#8230; everything comes together here in one place. The Lake Side project will be the icing on the cake and the culmination of more than 20 years of development in this district. <span>Nextensa has <\/span>faith in a feasible permit process and hopes for the green light for the first spade in 2025.<\/p>\n<p style=\"font-weight: 400;\">David Vermeersch (Colliers) kicked off the debates in the RSCA lounge with EMEA figures on the office market and noted a reduced activity after the summer of 2022 with a depreciation of all assets. He expects stability after this summer. Fortunately, Belgium remains a desirable and stable market given its central location in Europe and its<span> large logistic <\/span>ports. <span>Colliers <\/span>strongly feel<span>s<\/span> the tendency of \u00ab\u00a0decide not to decide\u00a0\u00bb and saw take-up drop by 17%. On a positive note for Brussels, the vacancy rate remains low and rents are increasing. There must be plenty of focus on high-quality ESG proof buildings because today a B<span>reeam Good certification is<\/span> not anymore good enough. His hint to the political players was to <span>better <\/span>regularize co-housing and co-living and transform neighbourhoods into 15 minute neighbourhoods where living, working and relaxing are possible within walking distance.<\/p>\n<p style=\"font-weight: 400;\">Kim Ruysen (Trevi) agreed with this vision for the residential market. \u201cAccess to housing becomes problematic, there is more demand for green and outdoor space and pricing for housing with A \u2013 B \u2013 C certificates have gone up with 7% \u201c \u2013 The number of residential transactions have decreased with 30 % in the first trimester of this year and yields have gone down due to higher interest rates. Investors are waiting. In Flanders, every unit under 350 K is gone in a week but these are generally older and energy inefficient constructions. Loans are becoming very expensive with an example of a monthly fee of 1600 \u20ac to cover a mortgage on 25 years of about 360 K. In the new built sector, prices have gone up by 21 % due to expensive building materials, indexation of staff cost and higher financial interest rates. Trevi sees a clear shift from a buyer\u2019s market into a rental market. 71.3 % is owner in Belgium and about 30 % <span>are rentals<\/span>but in major cities this trend is quiet the opposite. There is a strong demand for co-living concepts for students and young starters but the offer is low. The need for social housing is well known but there is a lack of vision, the key question being: how can developers build sustainable housing at an affordable price?\u00a0 Who is to close the financial gap?<\/p>\n<p>[\/et_pb_text][et_pb_text _builder_version=\u00a0\u00bb4.20.2&Prime; _module_preset=\u00a0\u00bbdefault\u00a0\u00bb theme_builder_area=\u00a0\u00bbpost_content\u00a0\u00bb hover_enabled=\u00a0\u00bb0&Prime; sticky_enabled=\u00a0\u00bb0&Prime;]<\/p>\n<blockquote>\n<p><span>\u201c<\/span><span>The Lake Side project will be the icing on the cake and the culmination of more than 20 years of development in this district.<\/span><span>\u201d \u2013 MICHEL VAN GEYTE, CEO NEXTENSA<\/span><\/p>\n<\/blockquote>\n<p>[\/et_pb_text][et_pb_text _builder_version=\u00a0\u00bb4.20.2&Prime; _module_preset=\u00a0\u00bbdefault\u00a0\u00bb hover_enabled=\u00a0\u00bb0&Prime; global_colors_info=\u00a0\u00bb{}\u00a0\u00bb theme_builder_area=\u00a0\u00bbpost_content\u00a0\u00bb sticky_enabled=\u00a0\u00bb0&Prime;]<\/p>\n<p style=\"font-weight: 400;\">Antoine de Borman clarified the role of perspective.brussels. They give advice and vision for a more liveable city, through revitalising public spaces, and <span>spreading ideas<\/span> for more flexibility in <span>urban <\/span>program<span>s<\/span>. Where <span>Perspective<\/span> have an advisory role, <span>U<\/span>rban.brussels takes care of the administrative side for issuing permits.<\/p>\n<p style=\"font-weight: 400;\">Afterwards it was Benjamin Cadranel&rsquo;s turn for Citydev. We got a look at Lioncity, the former Delhaize site that will be converted into a new mixed neighbourhood in Molenbeek. 40% will be residential buildings with the capacity to create work opportunities and dedensification by creating more green areas. They too draw the card of sustainability through upcycling, dismantling, reusing<span> materials<\/span>, rain water management and <span>installing<\/span> urban-scalled agriculture.\u00a0<\/p>\n<p>[\/et_pb_text][et_pb_text _builder_version=\u00a0\u00bb4.20.2&Prime; _module_preset=\u00a0\u00bbdefault\u00a0\u00bb theme_builder_area=\u00a0\u00bbpost_content\u00a0\u00bb hover_enabled=\u00a0\u00bb0&Prime; sticky_enabled=\u00a0\u00bb0&Prime;]<\/p>\n<blockquote>\n<p><span>\u201c<\/span><span>If we want to be carbon free by 2040, then it is now all hands-on deck<\/span><span>\u201d\u00a0 \u2013 SVEN DE BONDT, ALIDES<\/span><\/p>\n<\/blockquote>\n<p>[\/et_pb_text][et_pb_text _builder_version=\u00a0\u00bb4.20.2&Prime; _module_preset=\u00a0\u00bbdefault\u00a0\u00bb hover_enabled=\u00a0\u00bb0&Prime; global_colors_info=\u00a0\u00bb{}\u00a0\u00bb theme_builder_area=\u00a0\u00bbpost_content\u00a0\u00bb sticky_enabled=\u00a0\u00bb0&Prime;]<\/p>\n<p style=\"font-weight: 400;\">The Josaphat site in Schaerbeek will also become a new leading district with 509 apartments from which 50% affordable living. Their challenge has been the long lead time period to sit around the table with various partners, public and private, to achieve a good and economically feasible program in co-creation, says Thierry Collard of Eiffage.<\/p>\n<p style=\"font-weight: 400;\">Sven De Bondt of Alides shook us up by pointing out that 39% of CO2 emissions are caused by the construction sector. Alides believes that the first steps <span>in more consciousness <\/span>can <span>start <\/span>with<span>in<\/span> the company or with<span>in ourselves.\u00a0 \u201c<\/span>If we want to be carbon free by 2040, then it is now all hands-on deck<span>\u201d, he says. U<\/span>pcycling strateg<span>ies<\/span> will become new business model<span>s<\/span>. Noncompliant buildings are <span>interesting if <\/span>transformed into ESG proof buildings, preferably <span>on<\/span> top locations. Montoyer 34 is a perfect example of this. A building that dates back to the 90s can effectively become Bre<span>e<\/span>am Outstanding with the necessary creativity of the design and construction teams.<\/p>\n<p style=\"font-weight: 400;\">\u201cMe<span>asurability<\/span> is essential\u201d <span>continued<\/span> Fr\u00e9d\u00e9ric Van der Planken <span>of<\/span> Whitewood. They created a fund to invest in projects that need to be transformed into exemplary green buildings so that partners create a real impact with their investment. They are open for partnerships to co-invest and transform brown into green.<span> Their ambition is high and the reconverting strategy of a large part of the EU quarters is currently being shaped.<\/span><\/p>\n<p style=\"font-weight: 400;\">The debate was concluded by a panel of 3 top <span>speakers<\/span>. Kasper Deforche of JLL brought some interesting figures: 24% of the Brussels Office stock is more than 24 years old and regeneration is a must. Only 15% has a green certificate.<\/p>\n<p style=\"font-weight: 400;\">Sunita van Heers <span>(SuReal) <\/span>specified that additional certificates will make the difference, such as the <span>Wel<\/span>l certification or <span>attestations<\/span> that can demonstrate<span> the<\/span> carbon emissions. <span>\u00a0Th<\/span>e sector<span> needs<\/span> advice on future pro<span>jects<\/span>: How resilient can a building become against drought, heat, flooding?<\/p>\n<p style=\"font-weight: 400;\">Adel Yahia reassures us that Belgium is already far ahead of other countries in terms of sustainability. <span>\u201c<\/span>Rent smaller and better<span>\u201d<\/span> is his motto for the office market and make <span>working at the office<\/span>more attractive and pleasant<span> again<\/span>. He shares the opinion of many of us: the challenge will be to choose between all possible improvements and changes in terms of <span>green-<\/span>requirements <span>and at the same time <\/span>to keep the housing market affordable and the office market competitive.\u00a0 He underlines a contradiction between<span> those<\/span> two desires: greener and more affordable. How do <span>we<\/span> unite the two?<\/p>\n<p><span>BY Sonja De Greef \u2013 Head of Residential Sales @ Nextensa<\/span><\/p>\n<p>&nbsp;<\/p>\n<p>[\/et_pb_text][\/et_pb_column][\/et_pb_row][\/et_pb_section]<\/p>\n","protected":false},"excerpt":{"rendered":"<p>Our CEO Michel Van Geyte was one of the top speakers during the Brussels Real Estate Academy 2023 and proudly announced that the Tour &amp; Taxis site that Nextensa owns has now become the showpiece of Brussels and far beyond in terms of sustainable mixed-use 5 minute neighbourhood.\u00a0 From green management, solar panel parks, water management, geothermal energy and re-use of materials on the one hand to social governance in terms of inclusivity, event accessibility and mixity of\u00a0 recreation and activities&#8230; everything comes together here in one place. The Lake Side project will be the icing on the cake and the culmination of more than 20 years of development in this district. Nextensa has faith in a feasible permit process and hopes for the green light for the first spade in 2025. David Vermeersch (Colliers) kicked off the debates in the RSCA lounge with EMEA figures on the office market and noted a reduced activity after the summer of 2022 with a depreciation of all assets. He expects stability after this summer. Fortunately, Belgium remains a desirable and stable market given its central location in Europe and its large logistic ports. Colliers strongly feels the tendency of \u00ab\u00a0decide not to [&hellip;]<\/p>\n","protected":false},"author":1,"featured_media":1655,"comment_status":"open","ping_status":"open","sticky":false,"template":"","format":"standard","meta":{"_acf_changed":false,"_et_pb_use_builder":"on","_et_pb_old_content":"<!-- wp:divi\/placeholder \/-->","_et_gb_content_width":"","inline_featured_image":false,"footnotes":"","_links_to":"","_links_to_target":""},"categories":[1],"tags":[],"dipi_cpt_category":[],"class_list":["post-1626","post","type-post","status-publish","format-standard","has-post-thumbnail","hentry","category-blog"],"acf":[],"yoast_head":"<!-- This site is optimized with the Yoast SEO plugin v27.4 - https:\/\/yoast.com\/product\/yoast-seo-wordpress\/ -->\n<title>BRUSSELS REAL ESTATE ACADEMY 2023 - Lakeside Brussels<\/title>\n<meta name=\"robots\" content=\"index, follow, max-snippet:-1, max-image-preview:large, max-video-preview:-1\" \/>\n<link rel=\"canonical\" href=\"https:\/\/www.lakeside.brussels\/fr\/brussels-real-estate-academy-2023\/\" \/>\n<meta property=\"og:locale\" content=\"fr_FR\" \/>\n<meta property=\"og:type\" content=\"article\" \/>\n<meta property=\"og:title\" content=\"BRUSSELS REAL ESTATE ACADEMY 2023 - Lakeside Brussels\" \/>\n<meta property=\"og:description\" content=\"Our CEO Michel Van Geyte was one of the top speakers during the Brussels Real Estate Academy 2023 and proudly announced that the Tour &amp; Taxis site that Nextensa owns has now become the showpiece of Brussels and far beyond in terms of sustainable mixed-use 5 minute neighbourhood.\u00a0 From green management, solar panel parks, water management, geothermal energy and re-use of materials on the one hand to social governance in terms of inclusivity, event accessibility and mixity of\u00a0 recreation and activities... everything comes together here in one place. The Lake Side project will be the icing on the cake and the culmination of more than 20 years of development in this district. Nextensa has faith in a feasible permit process and hopes for the green light for the first spade in 2025. David Vermeersch (Colliers) kicked off the debates in the RSCA lounge with EMEA figures on the office market and noted a reduced activity after the summer of 2022 with a depreciation of all assets. He expects stability after this summer. Fortunately, Belgium remains a desirable and stable market given its central location in Europe and its large logistic ports. Colliers strongly feels the tendency of &quot;decide not to [&hellip;]\" \/>\n<meta property=\"og:url\" content=\"https:\/\/www.lakeside.brussels\/fr\/brussels-real-estate-academy-2023\/\" \/>\n<meta property=\"og:site_name\" content=\"Lakeside Brussels\" \/>\n<meta property=\"article:published_time\" content=\"2023-06-21T15:50:33+00:00\" \/>\n<meta property=\"article:modified_time\" content=\"2023-06-23T10:10:06+00:00\" \/>\n<meta property=\"og:image\" content=\"https:\/\/www.lakeside.brussels\/wp-content\/uploads\/2023\/06\/BRV23-cropped-v2.jpg\" \/>\n\t<meta property=\"og:image:width\" content=\"2000\" \/>\n\t<meta property=\"og:image:height\" content=\"1600\" \/>\n\t<meta property=\"og:image:type\" content=\"image\/jpeg\" \/>\n<meta name=\"author\" content=\"admin\" \/>\n<meta name=\"twitter:card\" content=\"summary_large_image\" \/>\n<meta name=\"twitter:label1\" content=\"\u00c9crit par\" \/>\n\t<meta name=\"twitter:data1\" content=\"admin\" \/>\n\t<meta name=\"twitter:label2\" content=\"Dur\u00e9e de lecture estim\u00e9e\" \/>\n\t<meta name=\"twitter:data2\" content=\"6 minutes\" \/>\n<script type=\"application\/ld+json\" class=\"yoast-schema-graph\">{\"@context\":\"https:\\\/\\\/schema.org\",\"@graph\":[{\"@type\":\"Article\",\"@id\":\"https:\\\/\\\/www.lakeside.brussels\\\/fr\\\/brussels-real-estate-academy-2023\\\/#article\",\"isPartOf\":{\"@id\":\"https:\\\/\\\/www.lakeside.brussels\\\/fr\\\/brussels-real-estate-academy-2023\\\/\"},\"author\":{\"name\":\"admin\",\"@id\":\"https:\\\/\\\/www.lakeside.brussels\\\/fr\\\/#\\\/schema\\\/person\\\/cb69cde8529f69bfbe6496adaf43aa07\"},\"headline\":\"BRUSSELS REAL ESTATE ACADEMY 2023\",\"datePublished\":\"2023-06-21T15:50:33+00:00\",\"dateModified\":\"2023-06-23T10:10:06+00:00\",\"mainEntityOfPage\":{\"@id\":\"https:\\\/\\\/www.lakeside.brussels\\\/fr\\\/brussels-real-estate-academy-2023\\\/\"},\"wordCount\":1235,\"commentCount\":0,\"publisher\":{\"@id\":\"https:\\\/\\\/www.lakeside.brussels\\\/fr\\\/#organization\"},\"image\":{\"@id\":\"https:\\\/\\\/www.lakeside.brussels\\\/fr\\\/brussels-real-estate-academy-2023\\\/#primaryimage\"},\"thumbnailUrl\":\"https:\\\/\\\/www.lakeside.brussels\\\/wp-content\\\/uploads\\\/2023\\\/06\\\/BRV23-cropped-v2.jpg\",\"articleSection\":[\"Blog\"],\"inLanguage\":\"fr-FR\"},{\"@type\":\"WebPage\",\"@id\":\"https:\\\/\\\/www.lakeside.brussels\\\/fr\\\/brussels-real-estate-academy-2023\\\/\",\"url\":\"https:\\\/\\\/www.lakeside.brussels\\\/fr\\\/brussels-real-estate-academy-2023\\\/\",\"name\":\"BRUSSELS REAL ESTATE ACADEMY 2023 - Lakeside Brussels\",\"isPartOf\":{\"@id\":\"https:\\\/\\\/www.lakeside.brussels\\\/fr\\\/#website\"},\"primaryImageOfPage\":{\"@id\":\"https:\\\/\\\/www.lakeside.brussels\\\/fr\\\/brussels-real-estate-academy-2023\\\/#primaryimage\"},\"image\":{\"@id\":\"https:\\\/\\\/www.lakeside.brussels\\\/fr\\\/brussels-real-estate-academy-2023\\\/#primaryimage\"},\"thumbnailUrl\":\"https:\\\/\\\/www.lakeside.brussels\\\/wp-content\\\/uploads\\\/2023\\\/06\\\/BRV23-cropped-v2.jpg\",\"datePublished\":\"2023-06-21T15:50:33+00:00\",\"dateModified\":\"2023-06-23T10:10:06+00:00\",\"breadcrumb\":{\"@id\":\"https:\\\/\\\/www.lakeside.brussels\\\/fr\\\/brussels-real-estate-academy-2023\\\/#breadcrumb\"},\"inLanguage\":\"fr-FR\",\"potentialAction\":[{\"@type\":\"ReadAction\",\"target\":[\"https:\\\/\\\/www.lakeside.brussels\\\/fr\\\/brussels-real-estate-academy-2023\\\/\"]}]},{\"@type\":\"ImageObject\",\"inLanguage\":\"fr-FR\",\"@id\":\"https:\\\/\\\/www.lakeside.brussels\\\/fr\\\/brussels-real-estate-academy-2023\\\/#primaryimage\",\"url\":\"https:\\\/\\\/www.lakeside.brussels\\\/wp-content\\\/uploads\\\/2023\\\/06\\\/BRV23-cropped-v2.jpg\",\"contentUrl\":\"https:\\\/\\\/www.lakeside.brussels\\\/wp-content\\\/uploads\\\/2023\\\/06\\\/BRV23-cropped-v2.jpg\",\"width\":2000,\"height\":1600},{\"@type\":\"BreadcrumbList\",\"@id\":\"https:\\\/\\\/www.lakeside.brussels\\\/fr\\\/brussels-real-estate-academy-2023\\\/#breadcrumb\",\"itemListElement\":[{\"@type\":\"ListItem\",\"position\":1,\"name\":\"Home\",\"item\":\"https:\\\/\\\/www.lakeside.brussels\\\/\"},{\"@type\":\"ListItem\",\"position\":2,\"name\":\"BRUSSELS REAL ESTATE ACADEMY 2023\"}]},{\"@type\":\"WebSite\",\"@id\":\"https:\\\/\\\/www.lakeside.brussels\\\/fr\\\/#website\",\"url\":\"https:\\\/\\\/www.lakeside.brussels\\\/fr\\\/\",\"name\":\"Lakeside Brussels\",\"description\":\"Informatieplatform van de toekomstbuurt op Tour&amp;Taxis\",\"publisher\":{\"@id\":\"https:\\\/\\\/www.lakeside.brussels\\\/fr\\\/#organization\"},\"potentialAction\":[{\"@type\":\"SearchAction\",\"target\":{\"@type\":\"EntryPoint\",\"urlTemplate\":\"https:\\\/\\\/www.lakeside.brussels\\\/fr\\\/?s={search_term_string}\"},\"query-input\":{\"@type\":\"PropertyValueSpecification\",\"valueRequired\":true,\"valueName\":\"search_term_string\"}}],\"inLanguage\":\"fr-FR\"},{\"@type\":\"Organization\",\"@id\":\"https:\\\/\\\/www.lakeside.brussels\\\/fr\\\/#organization\",\"name\":\"Lakeside Brussels\",\"url\":\"https:\\\/\\\/www.lakeside.brussels\\\/fr\\\/\",\"logo\":{\"@type\":\"ImageObject\",\"inLanguage\":\"fr-FR\",\"@id\":\"https:\\\/\\\/www.lakeside.brussels\\\/fr\\\/#\\\/schema\\\/logo\\\/image\\\/\",\"url\":\"https:\\\/\\\/www.lakeside.brussels\\\/wp-content\\\/uploads\\\/2023\\\/04\\\/Areal-view-scaled.jpg\",\"contentUrl\":\"https:\\\/\\\/www.lakeside.brussels\\\/wp-content\\\/uploads\\\/2023\\\/04\\\/Areal-view-scaled.jpg\",\"width\":2560,\"height\":1539,\"caption\":\"Lakeside Brussels\"},\"image\":{\"@id\":\"https:\\\/\\\/www.lakeside.brussels\\\/fr\\\/#\\\/schema\\\/logo\\\/image\\\/\"}},{\"@type\":\"Person\",\"@id\":\"https:\\\/\\\/www.lakeside.brussels\\\/fr\\\/#\\\/schema\\\/person\\\/cb69cde8529f69bfbe6496adaf43aa07\",\"name\":\"admin\",\"image\":{\"@type\":\"ImageObject\",\"inLanguage\":\"fr-FR\",\"@id\":\"https:\\\/\\\/secure.gravatar.com\\\/avatar\\\/20626e488e8446242eb4b5bbbbac7c448b8c5b13e4c80350e3d311b990b2effa?s=96&d=mm&r=g\",\"url\":\"https:\\\/\\\/secure.gravatar.com\\\/avatar\\\/20626e488e8446242eb4b5bbbbac7c448b8c5b13e4c80350e3d311b990b2effa?s=96&d=mm&r=g\",\"contentUrl\":\"https:\\\/\\\/secure.gravatar.com\\\/avatar\\\/20626e488e8446242eb4b5bbbbac7c448b8c5b13e4c80350e3d311b990b2effa?s=96&d=mm&r=g\",\"caption\":\"admin\"},\"sameAs\":[\"https:\\\/\\\/www.lakeside.brussels\"],\"url\":\"https:\\\/\\\/www.lakeside.brussels\\\/fr\\\/author\\\/admin\\\/\"}]}<\/script>\n<!-- \/ Yoast SEO plugin. -->","yoast_head_json":{"title":"BRUSSELS REAL ESTATE ACADEMY 2023 - Lakeside Brussels","robots":{"index":"index","follow":"follow","max-snippet":"max-snippet:-1","max-image-preview":"max-image-preview:large","max-video-preview":"max-video-preview:-1"},"canonical":"https:\/\/www.lakeside.brussels\/fr\/brussels-real-estate-academy-2023\/","og_locale":"fr_FR","og_type":"article","og_title":"BRUSSELS REAL ESTATE ACADEMY 2023 - Lakeside Brussels","og_description":"Our CEO Michel Van Geyte was one of the top speakers during the Brussels Real Estate Academy 2023 and proudly announced that the Tour &amp; Taxis site that Nextensa owns has now become the showpiece of Brussels and far beyond in terms of sustainable mixed-use 5 minute neighbourhood.\u00a0 From green management, solar panel parks, water management, geothermal energy and re-use of materials on the one hand to social governance in terms of inclusivity, event accessibility and mixity of\u00a0 recreation and activities... everything comes together here in one place. The Lake Side project will be the icing on the cake and the culmination of more than 20 years of development in this district. Nextensa has faith in a feasible permit process and hopes for the green light for the first spade in 2025. David Vermeersch (Colliers) kicked off the debates in the RSCA lounge with EMEA figures on the office market and noted a reduced activity after the summer of 2022 with a depreciation of all assets. He expects stability after this summer. Fortunately, Belgium remains a desirable and stable market given its central location in Europe and its large logistic ports. Colliers strongly feels the tendency of \"decide not to [&hellip;]","og_url":"https:\/\/www.lakeside.brussels\/fr\/brussels-real-estate-academy-2023\/","og_site_name":"Lakeside Brussels","article_published_time":"2023-06-21T15:50:33+00:00","article_modified_time":"2023-06-23T10:10:06+00:00","og_image":[{"width":2000,"height":1600,"url":"https:\/\/www.lakeside.brussels\/wp-content\/uploads\/2023\/06\/BRV23-cropped-v2.jpg","type":"image\/jpeg"}],"author":"admin","twitter_card":"summary_large_image","twitter_misc":{"\u00c9crit par":"admin","Dur\u00e9e de lecture estim\u00e9e":"6 minutes"},"schema":{"@context":"https:\/\/schema.org","@graph":[{"@type":"Article","@id":"https:\/\/www.lakeside.brussels\/fr\/brussels-real-estate-academy-2023\/#article","isPartOf":{"@id":"https:\/\/www.lakeside.brussels\/fr\/brussels-real-estate-academy-2023\/"},"author":{"name":"admin","@id":"https:\/\/www.lakeside.brussels\/fr\/#\/schema\/person\/cb69cde8529f69bfbe6496adaf43aa07"},"headline":"BRUSSELS REAL ESTATE ACADEMY 2023","datePublished":"2023-06-21T15:50:33+00:00","dateModified":"2023-06-23T10:10:06+00:00","mainEntityOfPage":{"@id":"https:\/\/www.lakeside.brussels\/fr\/brussels-real-estate-academy-2023\/"},"wordCount":1235,"commentCount":0,"publisher":{"@id":"https:\/\/www.lakeside.brussels\/fr\/#organization"},"image":{"@id":"https:\/\/www.lakeside.brussels\/fr\/brussels-real-estate-academy-2023\/#primaryimage"},"thumbnailUrl":"https:\/\/www.lakeside.brussels\/wp-content\/uploads\/2023\/06\/BRV23-cropped-v2.jpg","articleSection":["Blog"],"inLanguage":"fr-FR"},{"@type":"WebPage","@id":"https:\/\/www.lakeside.brussels\/fr\/brussels-real-estate-academy-2023\/","url":"https:\/\/www.lakeside.brussels\/fr\/brussels-real-estate-academy-2023\/","name":"BRUSSELS REAL ESTATE ACADEMY 2023 - Lakeside Brussels","isPartOf":{"@id":"https:\/\/www.lakeside.brussels\/fr\/#website"},"primaryImageOfPage":{"@id":"https:\/\/www.lakeside.brussels\/fr\/brussels-real-estate-academy-2023\/#primaryimage"},"image":{"@id":"https:\/\/www.lakeside.brussels\/fr\/brussels-real-estate-academy-2023\/#primaryimage"},"thumbnailUrl":"https:\/\/www.lakeside.brussels\/wp-content\/uploads\/2023\/06\/BRV23-cropped-v2.jpg","datePublished":"2023-06-21T15:50:33+00:00","dateModified":"2023-06-23T10:10:06+00:00","breadcrumb":{"@id":"https:\/\/www.lakeside.brussels\/fr\/brussels-real-estate-academy-2023\/#breadcrumb"},"inLanguage":"fr-FR","potentialAction":[{"@type":"ReadAction","target":["https:\/\/www.lakeside.brussels\/fr\/brussels-real-estate-academy-2023\/"]}]},{"@type":"ImageObject","inLanguage":"fr-FR","@id":"https:\/\/www.lakeside.brussels\/fr\/brussels-real-estate-academy-2023\/#primaryimage","url":"https:\/\/www.lakeside.brussels\/wp-content\/uploads\/2023\/06\/BRV23-cropped-v2.jpg","contentUrl":"https:\/\/www.lakeside.brussels\/wp-content\/uploads\/2023\/06\/BRV23-cropped-v2.jpg","width":2000,"height":1600},{"@type":"BreadcrumbList","@id":"https:\/\/www.lakeside.brussels\/fr\/brussels-real-estate-academy-2023\/#breadcrumb","itemListElement":[{"@type":"ListItem","position":1,"name":"Home","item":"https:\/\/www.lakeside.brussels\/"},{"@type":"ListItem","position":2,"name":"BRUSSELS REAL ESTATE ACADEMY 2023"}]},{"@type":"WebSite","@id":"https:\/\/www.lakeside.brussels\/fr\/#website","url":"https:\/\/www.lakeside.brussels\/fr\/","name":"Lakeside Brussels","description":"Informatieplatform van de toekomstbuurt op Tour&amp;Taxis","publisher":{"@id":"https:\/\/www.lakeside.brussels\/fr\/#organization"},"potentialAction":[{"@type":"SearchAction","target":{"@type":"EntryPoint","urlTemplate":"https:\/\/www.lakeside.brussels\/fr\/?s={search_term_string}"},"query-input":{"@type":"PropertyValueSpecification","valueRequired":true,"valueName":"search_term_string"}}],"inLanguage":"fr-FR"},{"@type":"Organization","@id":"https:\/\/www.lakeside.brussels\/fr\/#organization","name":"Lakeside Brussels","url":"https:\/\/www.lakeside.brussels\/fr\/","logo":{"@type":"ImageObject","inLanguage":"fr-FR","@id":"https:\/\/www.lakeside.brussels\/fr\/#\/schema\/logo\/image\/","url":"https:\/\/www.lakeside.brussels\/wp-content\/uploads\/2023\/04\/Areal-view-scaled.jpg","contentUrl":"https:\/\/www.lakeside.brussels\/wp-content\/uploads\/2023\/04\/Areal-view-scaled.jpg","width":2560,"height":1539,"caption":"Lakeside Brussels"},"image":{"@id":"https:\/\/www.lakeside.brussels\/fr\/#\/schema\/logo\/image\/"}},{"@type":"Person","@id":"https:\/\/www.lakeside.brussels\/fr\/#\/schema\/person\/cb69cde8529f69bfbe6496adaf43aa07","name":"admin","image":{"@type":"ImageObject","inLanguage":"fr-FR","@id":"https:\/\/secure.gravatar.com\/avatar\/20626e488e8446242eb4b5bbbbac7c448b8c5b13e4c80350e3d311b990b2effa?s=96&d=mm&r=g","url":"https:\/\/secure.gravatar.com\/avatar\/20626e488e8446242eb4b5bbbbac7c448b8c5b13e4c80350e3d311b990b2effa?s=96&d=mm&r=g","contentUrl":"https:\/\/secure.gravatar.com\/avatar\/20626e488e8446242eb4b5bbbbac7c448b8c5b13e4c80350e3d311b990b2effa?s=96&d=mm&r=g","caption":"admin"},"sameAs":["https:\/\/www.lakeside.brussels"],"url":"https:\/\/www.lakeside.brussels\/fr\/author\/admin\/"}]}},"_links":{"self":[{"href":"https:\/\/www.lakeside.brussels\/fr\/wp-json\/wp\/v2\/posts\/1626","targetHints":{"allow":["GET"]}}],"collection":[{"href":"https:\/\/www.lakeside.brussels\/fr\/wp-json\/wp\/v2\/posts"}],"about":[{"href":"https:\/\/www.lakeside.brussels\/fr\/wp-json\/wp\/v2\/types\/post"}],"author":[{"embeddable":true,"href":"https:\/\/www.lakeside.brussels\/fr\/wp-json\/wp\/v2\/users\/1"}],"replies":[{"embeddable":true,"href":"https:\/\/www.lakeside.brussels\/fr\/wp-json\/wp\/v2\/comments?post=1626"}],"version-history":[{"count":11,"href":"https:\/\/www.lakeside.brussels\/fr\/wp-json\/wp\/v2\/posts\/1626\/revisions"}],"predecessor-version":[{"id":1660,"href":"https:\/\/www.lakeside.brussels\/fr\/wp-json\/wp\/v2\/posts\/1626\/revisions\/1660"}],"wp:featuredmedia":[{"embeddable":true,"href":"https:\/\/www.lakeside.brussels\/fr\/wp-json\/wp\/v2\/media\/1655"}],"wp:attachment":[{"href":"https:\/\/www.lakeside.brussels\/fr\/wp-json\/wp\/v2\/media?parent=1626"}],"wp:term":[{"taxonomy":"category","embeddable":true,"href":"https:\/\/www.lakeside.brussels\/fr\/wp-json\/wp\/v2\/categories?post=1626"},{"taxonomy":"post_tag","embeddable":true,"href":"https:\/\/www.lakeside.brussels\/fr\/wp-json\/wp\/v2\/tags?post=1626"},{"taxonomy":"dipi_cpt_category","embeddable":true,"href":"https:\/\/www.lakeside.brussels\/fr\/wp-json\/wp\/v2\/dipi_cpt_category?post=1626"}],"curies":[{"name":"wp","href":"https:\/\/api.w.org\/{rel}","templated":true}]}}