{"id":2387,"date":"2025-01-16T14:44:01","date_gmt":"2025-01-16T14:44:01","guid":{"rendered":"https:\/\/www.lakeside.brussels\/?p=2387"},"modified":"2025-01-17T13:38:27","modified_gmt":"2025-01-17T13:38:27","slug":"des-logements-sociaux-sont-egalement-prevu-sur-lake-side","status":"publish","type":"post","link":"https:\/\/www.lakeside.brussels\/fr\/des-logements-sociaux-sont-egalement-prevu-sur-lake-side\/","title":{"rendered":"Des logements sociaux sont \u00e9galement pr\u00e9vus sur Lake Side."},"content":{"rendered":"<p>[et_pb_section fb_built=\u00a0\u00bb1&Prime; _builder_version=\u00a0\u00bb4.20.2&Prime; _module_preset=\u00a0\u00bbdefault\u00a0\u00bb global_colors_info=\u00a0\u00bb{}\u00a0\u00bb theme_builder_area=\u00a0\u00bbpost_content\u00a0\u00bb][et_pb_row _builder_version=\u00a0\u00bb4.20.2&Prime; _module_preset=\u00a0\u00bbdefault\u00a0\u00bb global_colors_info=\u00a0\u00bb{}\u00a0\u00bb theme_builder_area=\u00a0\u00bbpost_content\u00a0\u00bb][et_pb_column type=\u00a0\u00bb4_4&Prime; _builder_version=\u00a0\u00bb4.20.2&Prime; _module_preset=\u00a0\u00bbdefault\u00a0\u00bb global_colors_info=\u00a0\u00bb{}\u00a0\u00bb theme_builder_area=\u00a0\u00bbpost_content\u00a0\u00bb][et_pb_text _builder_version=\u00a0\u00bb4.20.2&Prime; _module_preset=\u00a0\u00bbdefault\u00a0\u00bb global_colors_info=\u00a0\u00bb{}\u00a0\u00bb theme_builder_area=\u00a0\u00bbpost_content\u00a0\u00bb]<\/p>\n<div class=\"page\" title=\"Page 2\">\n<p><span> <\/span><\/p>\n<div class=\"layoutArea\">\n<div class=\"column\">\n<div class=\"page\" title=\"Page 2\">\n<div class=\"layoutArea\">\n<div class=\"column\">\n<p><span>Le journal BRUZZ s&rsquo;est entretenu avec Peter De Durpel, COO chez Nextensa : \u00ab Nous sommes tr\u00e8s conscients du besoin de logements sociaux \u00e0 Bruxelles et avons donc, de notre propre initiative et renforc\u00e9s par les recommandations de l&rsquo;\u00e9tude d&rsquo;incidences, pr\u00e9vu des logements sociaux pour des grandes familles et ce r\u00e9partis dans 4 des 16 b\u00e2timents \u00bb. \u00a0<\/span><\/p>\n<p><span>Ensemble avec les logements conventionn\u00e9s, cela repr\u00e9sente 24% de la partie r\u00e9sidentielle qui sera propos\u00e9 au gouvernement bruxellois en tant que logement \u2018abordable\u2019.<\/span><\/p>\n<\/div>\n<\/div>\n<\/div>\n<p>&nbsp;<\/p>\n<p><span><\/span>Lisez <a href=\"https:\/\/www.lakeside.brussels\/wp-content\/uploads\/2025\/01\/BRUZZ-art-JAN-2025-Sociale-woningen.pdf\" target=\"_blank\" rel=\"noopener\"><span style=\"color: #99ccff;\">ici<\/span><\/a> l&rsquo;article entier.<\/p>\n<\/div>\n<\/div>\n<\/div>\n<p>[\/et_pb_text][\/et_pb_column][\/et_pb_row][\/et_pb_section]<\/p>\n","protected":false},"excerpt":{"rendered":"<p>Le journal BRUZZ s&rsquo;est entretenu avec Peter De Durpel, COO chez Nextensa : \u00ab Nous sommes tr\u00e8s conscients du besoin de logements sociaux \u00e0 Bruxelles et avons donc, de notre propre initiative et renforc\u00e9s par les recommandations de l&rsquo;\u00e9tude d&rsquo;incidences, pr\u00e9vu des logements sociaux pour des grandes familles et ce r\u00e9partis dans 4 des 16 b\u00e2timents \u00bb. \u00a0 Ensemble avec les logements conventionn\u00e9s, cela repr\u00e9sente 24% de la partie r\u00e9sidentielle qui sera propos\u00e9 au gouvernement bruxellois en tant que logement \u2018abordable\u2019. &nbsp; Lisez ici l&rsquo;article entier.<\/p>\n","protected":false},"author":5,"featured_media":1999,"comment_status":"closed","ping_status":"closed","sticky":false,"template":"","format":"standard","meta":{"_acf_changed":false,"_et_pb_use_builder":"on","_et_pb_old_content":"","_et_gb_content_width":"","inline_featured_image":false,"footnotes":"","_links_to":"","_links_to_target":""},"categories":[16,18,19],"tags":[],"dipi_cpt_category":[],"class_list":["post-2387","post","type-post","status-publish","format-standard","has-post-thumbnail","hentry","category-press","category-press-fr","category-press-fr-2"],"acf":[],"yoast_head":"<!-- This site is optimized with the Yoast SEO plugin v27.5 - https:\/\/yoast.com\/product\/yoast-seo-wordpress\/ -->\n<title>Des logements sociaux sont \u00e9galement pr\u00e9vus sur Lake Side. - Lakeside Brussels<\/title>\n<meta name=\"robots\" content=\"index, follow, max-snippet:-1, max-image-preview:large, max-video-preview:-1\" \/>\n<link rel=\"canonical\" href=\"https:\/\/www.lakeside.brussels\/ook-sociale-woningen-op-lake-side\/\" \/>\n<meta property=\"og:locale\" content=\"fr_FR\" \/>\n<meta property=\"og:type\" content=\"article\" \/>\n<meta property=\"og:title\" content=\"Des logements sociaux sont \u00e9galement pr\u00e9vus sur Lake Side. - Lakeside Brussels\" \/>\n<meta property=\"og:description\" content=\"Le journal BRUZZ s&#039;est entretenu avec Peter De Durpel, COO chez Nextensa : \u00ab Nous sommes tr\u00e8s conscients du besoin de logements sociaux \u00e0 Bruxelles et avons donc, de notre propre initiative et renforc\u00e9s par les recommandations de l&#039;\u00e9tude d&#039;incidences, pr\u00e9vu des logements sociaux pour des grandes familles et ce r\u00e9partis dans 4 des 16 b\u00e2timents \u00bb. \u00a0 Ensemble avec les logements conventionn\u00e9s, cela repr\u00e9sente 24% de la partie r\u00e9sidentielle qui sera propos\u00e9 au gouvernement bruxellois en tant que logement \u2018abordable\u2019. &nbsp; Lisez ici l&#039;article entier.\" \/>\n<meta property=\"og:url\" content=\"https:\/\/www.lakeside.brussels\/ook-sociale-woningen-op-lake-side\/\" \/>\n<meta property=\"og:site_name\" content=\"Lakeside Brussels\" \/>\n<meta property=\"article:published_time\" content=\"2025-01-16T14:44:01+00:00\" \/>\n<meta property=\"article:modified_time\" content=\"2025-01-17T13:38:27+00:00\" \/>\n<meta property=\"og:image\" content=\"https:\/\/www.lakeside.brussels\/wp-content\/uploads\/2024\/01\/POLO-B04-B05-render-1-scaled.jpg\" \/>\n\t<meta property=\"og:image:width\" content=\"2217\" \/>\n\t<meta property=\"og:image:height\" content=\"2560\" \/>\n\t<meta property=\"og:image:type\" content=\"image\/jpeg\" \/>\n<meta name=\"author\" content=\"recoveryuser\" \/>\n<meta name=\"twitter:card\" content=\"summary_large_image\" \/>\n<meta name=\"twitter:label1\" content=\"\u00c9crit par\" \/>\n\t<meta name=\"twitter:data1\" content=\"recoveryuser\" \/>\n\t<meta name=\"twitter:label2\" content=\"Dur\u00e9e de lecture estim\u00e9e\" \/>\n\t<meta name=\"twitter:data2\" content=\"1 minute\" \/>\n<script type=\"application\/ld+json\" class=\"yoast-schema-graph\">{\"@context\":\"https:\\\/\\\/schema.org\",\"@graph\":[{\"@type\":\"Article\",\"@id\":\"https:\\\/\\\/www.lakeside.brussels\\\/ook-sociale-woningen-op-lake-side\\\/#article\",\"isPartOf\":{\"@id\":\"https:\\\/\\\/www.lakeside.brussels\\\/ook-sociale-woningen-op-lake-side\\\/\"},\"author\":{\"name\":\"recoveryuser\",\"@id\":\"https:\\\/\\\/www.lakeside.brussels\\\/fr\\\/#\\\/schema\\\/person\\\/b793349e15767312d91295133d188c52\"},\"headline\":\"Des logements sociaux sont \u00e9galement pr\u00e9vus sur Lake Side.\",\"datePublished\":\"2025-01-16T14:44:01+00:00\",\"dateModified\":\"2025-01-17T13:38:27+00:00\",\"mainEntityOfPage\":{\"@id\":\"https:\\\/\\\/www.lakeside.brussels\\\/ook-sociale-woningen-op-lake-side\\\/\"},\"wordCount\":176,\"publisher\":{\"@id\":\"https:\\\/\\\/www.lakeside.brussels\\\/fr\\\/#organization\"},\"image\":{\"@id\":\"https:\\\/\\\/www.lakeside.brussels\\\/ook-sociale-woningen-op-lake-side\\\/#primaryimage\"},\"thumbnailUrl\":\"https:\\\/\\\/www.lakeside.brussels\\\/wp-content\\\/uploads\\\/2024\\\/01\\\/POLO-B04-B05-render-1-scaled.jpg\",\"articleSection\":[\"Press\",\"Press\",\"Press\"],\"inLanguage\":\"fr-FR\"},{\"@type\":\"WebPage\",\"@id\":\"https:\\\/\\\/www.lakeside.brussels\\\/ook-sociale-woningen-op-lake-side\\\/\",\"url\":\"https:\\\/\\\/www.lakeside.brussels\\\/ook-sociale-woningen-op-lake-side\\\/\",\"name\":\"Des logements sociaux sont \u00e9galement pr\u00e9vus sur Lake Side. - Lakeside Brussels\",\"isPartOf\":{\"@id\":\"https:\\\/\\\/www.lakeside.brussels\\\/fr\\\/#website\"},\"primaryImageOfPage\":{\"@id\":\"https:\\\/\\\/www.lakeside.brussels\\\/ook-sociale-woningen-op-lake-side\\\/#primaryimage\"},\"image\":{\"@id\":\"https:\\\/\\\/www.lakeside.brussels\\\/ook-sociale-woningen-op-lake-side\\\/#primaryimage\"},\"thumbnailUrl\":\"https:\\\/\\\/www.lakeside.brussels\\\/wp-content\\\/uploads\\\/2024\\\/01\\\/POLO-B04-B05-render-1-scaled.jpg\",\"datePublished\":\"2025-01-16T14:44:01+00:00\",\"dateModified\":\"2025-01-17T13:38:27+00:00\",\"breadcrumb\":{\"@id\":\"https:\\\/\\\/www.lakeside.brussels\\\/ook-sociale-woningen-op-lake-side\\\/#breadcrumb\"},\"inLanguage\":\"fr-FR\",\"potentialAction\":[{\"@type\":\"ReadAction\",\"target\":[\"https:\\\/\\\/www.lakeside.brussels\\\/ook-sociale-woningen-op-lake-side\\\/\"]}]},{\"@type\":\"ImageObject\",\"inLanguage\":\"fr-FR\",\"@id\":\"https:\\\/\\\/www.lakeside.brussels\\\/ook-sociale-woningen-op-lake-side\\\/#primaryimage\",\"url\":\"https:\\\/\\\/www.lakeside.brussels\\\/wp-content\\\/uploads\\\/2024\\\/01\\\/POLO-B04-B05-render-1-scaled.jpg\",\"contentUrl\":\"https:\\\/\\\/www.lakeside.brussels\\\/wp-content\\\/uploads\\\/2024\\\/01\\\/POLO-B04-B05-render-1-scaled.jpg\",\"width\":2217,\"height\":2560},{\"@type\":\"BreadcrumbList\",\"@id\":\"https:\\\/\\\/www.lakeside.brussels\\\/ook-sociale-woningen-op-lake-side\\\/#breadcrumb\",\"itemListElement\":[{\"@type\":\"ListItem\",\"position\":1,\"name\":\"Home\",\"item\":\"https:\\\/\\\/www.lakeside.brussels\\\/\"},{\"@type\":\"ListItem\",\"position\":2,\"name\":\"Des logements sociaux sont \u00e9galement pr\u00e9vus sur Lake Side.\"}]},{\"@type\":\"WebSite\",\"@id\":\"https:\\\/\\\/www.lakeside.brussels\\\/fr\\\/#website\",\"url\":\"https:\\\/\\\/www.lakeside.brussels\\\/fr\\\/\",\"name\":\"Lakeside Brussels\",\"description\":\"Informatieplatform van de toekomstbuurt op Tour&amp;Taxis\",\"publisher\":{\"@id\":\"https:\\\/\\\/www.lakeside.brussels\\\/fr\\\/#organization\"},\"potentialAction\":[{\"@type\":\"SearchAction\",\"target\":{\"@type\":\"EntryPoint\",\"urlTemplate\":\"https:\\\/\\\/www.lakeside.brussels\\\/fr\\\/?s={search_term_string}\"},\"query-input\":{\"@type\":\"PropertyValueSpecification\",\"valueRequired\":true,\"valueName\":\"search_term_string\"}}],\"inLanguage\":\"fr-FR\"},{\"@type\":\"Organization\",\"@id\":\"https:\\\/\\\/www.lakeside.brussels\\\/fr\\\/#organization\",\"name\":\"Lakeside Brussels\",\"url\":\"https:\\\/\\\/www.lakeside.brussels\\\/fr\\\/\",\"logo\":{\"@type\":\"ImageObject\",\"inLanguage\":\"fr-FR\",\"@id\":\"https:\\\/\\\/www.lakeside.brussels\\\/fr\\\/#\\\/schema\\\/logo\\\/image\\\/\",\"url\":\"https:\\\/\\\/www.lakeside.brussels\\\/wp-content\\\/uploads\\\/2023\\\/04\\\/Areal-view-scaled.jpg\",\"contentUrl\":\"https:\\\/\\\/www.lakeside.brussels\\\/wp-content\\\/uploads\\\/2023\\\/04\\\/Areal-view-scaled.jpg\",\"width\":2560,\"height\":1539,\"caption\":\"Lakeside Brussels\"},\"image\":{\"@id\":\"https:\\\/\\\/www.lakeside.brussels\\\/fr\\\/#\\\/schema\\\/logo\\\/image\\\/\"}},{\"@type\":\"Person\",\"@id\":\"https:\\\/\\\/www.lakeside.brussels\\\/fr\\\/#\\\/schema\\\/person\\\/b793349e15767312d91295133d188c52\",\"name\":\"recoveryuser\",\"image\":{\"@type\":\"ImageObject\",\"inLanguage\":\"fr-FR\",\"@id\":\"https:\\\/\\\/secure.gravatar.com\\\/avatar\\\/ae5cd2ca75f93639a935abade17762060ec04be12807868f063e24979dad1c5b?s=96&d=mm&r=g\",\"url\":\"https:\\\/\\\/secure.gravatar.com\\\/avatar\\\/ae5cd2ca75f93639a935abade17762060ec04be12807868f063e24979dad1c5b?s=96&d=mm&r=g\",\"contentUrl\":\"https:\\\/\\\/secure.gravatar.com\\\/avatar\\\/ae5cd2ca75f93639a935abade17762060ec04be12807868f063e24979dad1c5b?s=96&d=mm&r=g\",\"caption\":\"recoveryuser\"},\"url\":\"https:\\\/\\\/www.lakeside.brussels\\\/fr\\\/author\\\/recoveryuser\\\/\"}]}<\/script>\n<!-- \/ Yoast SEO plugin. -->","yoast_head_json":{"title":"Des logements sociaux sont \u00e9galement pr\u00e9vus sur Lake Side. - Lakeside Brussels","robots":{"index":"index","follow":"follow","max-snippet":"max-snippet:-1","max-image-preview":"max-image-preview:large","max-video-preview":"max-video-preview:-1"},"canonical":"https:\/\/www.lakeside.brussels\/ook-sociale-woningen-op-lake-side\/","og_locale":"fr_FR","og_type":"article","og_title":"Des logements sociaux sont \u00e9galement pr\u00e9vus sur Lake Side. - Lakeside Brussels","og_description":"Le journal BRUZZ s'est entretenu avec Peter De Durpel, COO chez Nextensa : \u00ab Nous sommes tr\u00e8s conscients du besoin de logements sociaux \u00e0 Bruxelles et avons donc, de notre propre initiative et renforc\u00e9s par les recommandations de l'\u00e9tude d'incidences, pr\u00e9vu des logements sociaux pour des grandes familles et ce r\u00e9partis dans 4 des 16 b\u00e2timents \u00bb. \u00a0 Ensemble avec les logements conventionn\u00e9s, cela repr\u00e9sente 24% de la partie r\u00e9sidentielle qui sera propos\u00e9 au gouvernement bruxellois en tant que logement \u2018abordable\u2019. &nbsp; Lisez ici l'article entier.","og_url":"https:\/\/www.lakeside.brussels\/ook-sociale-woningen-op-lake-side\/","og_site_name":"Lakeside Brussels","article_published_time":"2025-01-16T14:44:01+00:00","article_modified_time":"2025-01-17T13:38:27+00:00","og_image":[{"width":2217,"height":2560,"url":"https:\/\/www.lakeside.brussels\/wp-content\/uploads\/2024\/01\/POLO-B04-B05-render-1-scaled.jpg","type":"image\/jpeg"}],"author":"recoveryuser","twitter_card":"summary_large_image","twitter_misc":{"\u00c9crit par":"recoveryuser","Dur\u00e9e de lecture estim\u00e9e":"1 minute"},"schema":{"@context":"https:\/\/schema.org","@graph":[{"@type":"Article","@id":"https:\/\/www.lakeside.brussels\/ook-sociale-woningen-op-lake-side\/#article","isPartOf":{"@id":"https:\/\/www.lakeside.brussels\/ook-sociale-woningen-op-lake-side\/"},"author":{"name":"recoveryuser","@id":"https:\/\/www.lakeside.brussels\/fr\/#\/schema\/person\/b793349e15767312d91295133d188c52"},"headline":"Des logements sociaux sont \u00e9galement pr\u00e9vus sur Lake Side.","datePublished":"2025-01-16T14:44:01+00:00","dateModified":"2025-01-17T13:38:27+00:00","mainEntityOfPage":{"@id":"https:\/\/www.lakeside.brussels\/ook-sociale-woningen-op-lake-side\/"},"wordCount":176,"publisher":{"@id":"https:\/\/www.lakeside.brussels\/fr\/#organization"},"image":{"@id":"https:\/\/www.lakeside.brussels\/ook-sociale-woningen-op-lake-side\/#primaryimage"},"thumbnailUrl":"https:\/\/www.lakeside.brussels\/wp-content\/uploads\/2024\/01\/POLO-B04-B05-render-1-scaled.jpg","articleSection":["Press","Press","Press"],"inLanguage":"fr-FR"},{"@type":"WebPage","@id":"https:\/\/www.lakeside.brussels\/ook-sociale-woningen-op-lake-side\/","url":"https:\/\/www.lakeside.brussels\/ook-sociale-woningen-op-lake-side\/","name":"Des logements sociaux sont \u00e9galement pr\u00e9vus sur Lake Side. - Lakeside Brussels","isPartOf":{"@id":"https:\/\/www.lakeside.brussels\/fr\/#website"},"primaryImageOfPage":{"@id":"https:\/\/www.lakeside.brussels\/ook-sociale-woningen-op-lake-side\/#primaryimage"},"image":{"@id":"https:\/\/www.lakeside.brussels\/ook-sociale-woningen-op-lake-side\/#primaryimage"},"thumbnailUrl":"https:\/\/www.lakeside.brussels\/wp-content\/uploads\/2024\/01\/POLO-B04-B05-render-1-scaled.jpg","datePublished":"2025-01-16T14:44:01+00:00","dateModified":"2025-01-17T13:38:27+00:00","breadcrumb":{"@id":"https:\/\/www.lakeside.brussels\/ook-sociale-woningen-op-lake-side\/#breadcrumb"},"inLanguage":"fr-FR","potentialAction":[{"@type":"ReadAction","target":["https:\/\/www.lakeside.brussels\/ook-sociale-woningen-op-lake-side\/"]}]},{"@type":"ImageObject","inLanguage":"fr-FR","@id":"https:\/\/www.lakeside.brussels\/ook-sociale-woningen-op-lake-side\/#primaryimage","url":"https:\/\/www.lakeside.brussels\/wp-content\/uploads\/2024\/01\/POLO-B04-B05-render-1-scaled.jpg","contentUrl":"https:\/\/www.lakeside.brussels\/wp-content\/uploads\/2024\/01\/POLO-B04-B05-render-1-scaled.jpg","width":2217,"height":2560},{"@type":"BreadcrumbList","@id":"https:\/\/www.lakeside.brussels\/ook-sociale-woningen-op-lake-side\/#breadcrumb","itemListElement":[{"@type":"ListItem","position":1,"name":"Home","item":"https:\/\/www.lakeside.brussels\/"},{"@type":"ListItem","position":2,"name":"Des logements sociaux sont \u00e9galement pr\u00e9vus sur Lake Side."}]},{"@type":"WebSite","@id":"https:\/\/www.lakeside.brussels\/fr\/#website","url":"https:\/\/www.lakeside.brussels\/fr\/","name":"Lakeside Brussels","description":"Informatieplatform van de toekomstbuurt op Tour&amp;Taxis","publisher":{"@id":"https:\/\/www.lakeside.brussels\/fr\/#organization"},"potentialAction":[{"@type":"SearchAction","target":{"@type":"EntryPoint","urlTemplate":"https:\/\/www.lakeside.brussels\/fr\/?s={search_term_string}"},"query-input":{"@type":"PropertyValueSpecification","valueRequired":true,"valueName":"search_term_string"}}],"inLanguage":"fr-FR"},{"@type":"Organization","@id":"https:\/\/www.lakeside.brussels\/fr\/#organization","name":"Lakeside Brussels","url":"https:\/\/www.lakeside.brussels\/fr\/","logo":{"@type":"ImageObject","inLanguage":"fr-FR","@id":"https:\/\/www.lakeside.brussels\/fr\/#\/schema\/logo\/image\/","url":"https:\/\/www.lakeside.brussels\/wp-content\/uploads\/2023\/04\/Areal-view-scaled.jpg","contentUrl":"https:\/\/www.lakeside.brussels\/wp-content\/uploads\/2023\/04\/Areal-view-scaled.jpg","width":2560,"height":1539,"caption":"Lakeside Brussels"},"image":{"@id":"https:\/\/www.lakeside.brussels\/fr\/#\/schema\/logo\/image\/"}},{"@type":"Person","@id":"https:\/\/www.lakeside.brussels\/fr\/#\/schema\/person\/b793349e15767312d91295133d188c52","name":"recoveryuser","image":{"@type":"ImageObject","inLanguage":"fr-FR","@id":"https:\/\/secure.gravatar.com\/avatar\/ae5cd2ca75f93639a935abade17762060ec04be12807868f063e24979dad1c5b?s=96&d=mm&r=g","url":"https:\/\/secure.gravatar.com\/avatar\/ae5cd2ca75f93639a935abade17762060ec04be12807868f063e24979dad1c5b?s=96&d=mm&r=g","contentUrl":"https:\/\/secure.gravatar.com\/avatar\/ae5cd2ca75f93639a935abade17762060ec04be12807868f063e24979dad1c5b?s=96&d=mm&r=g","caption":"recoveryuser"},"url":"https:\/\/www.lakeside.brussels\/fr\/author\/recoveryuser\/"}]}},"_links":{"self":[{"href":"https:\/\/www.lakeside.brussels\/fr\/wp-json\/wp\/v2\/posts\/2387","targetHints":{"allow":["GET"]}}],"collection":[{"href":"https:\/\/www.lakeside.brussels\/fr\/wp-json\/wp\/v2\/posts"}],"about":[{"href":"https:\/\/www.lakeside.brussels\/fr\/wp-json\/wp\/v2\/types\/post"}],"author":[{"embeddable":true,"href":"https:\/\/www.lakeside.brussels\/fr\/wp-json\/wp\/v2\/users\/5"}],"replies":[{"embeddable":true,"href":"https:\/\/www.lakeside.brussels\/fr\/wp-json\/wp\/v2\/comments?post=2387"}],"version-history":[{"count":25,"href":"https:\/\/www.lakeside.brussels\/fr\/wp-json\/wp\/v2\/posts\/2387\/revisions"}],"predecessor-version":[{"id":2435,"href":"https:\/\/www.lakeside.brussels\/fr\/wp-json\/wp\/v2\/posts\/2387\/revisions\/2435"}],"wp:featuredmedia":[{"embeddable":true,"href":"https:\/\/www.lakeside.brussels\/fr\/wp-json\/wp\/v2\/media\/1999"}],"wp:attachment":[{"href":"https:\/\/www.lakeside.brussels\/fr\/wp-json\/wp\/v2\/media?parent=2387"}],"wp:term":[{"taxonomy":"category","embeddable":true,"href":"https:\/\/www.lakeside.brussels\/fr\/wp-json\/wp\/v2\/categories?post=2387"},{"taxonomy":"post_tag","embeddable":true,"href":"https:\/\/www.lakeside.brussels\/fr\/wp-json\/wp\/v2\/tags?post=2387"},{"taxonomy":"dipi_cpt_category","embeddable":true,"href":"https:\/\/www.lakeside.brussels\/fr\/wp-json\/wp\/v2\/dipi_cpt_category?post=2387"}],"curies":[{"name":"wp","href":"https:\/\/api.w.org\/{rel}","templated":true}]}}