{"id":829,"date":"2021-11-04T16:19:42","date_gmt":"2021-11-04T16:19:42","guid":{"rendered":"https:\/\/www.lakeside.brussels\/nextensa-selecteert-architecten-voor-lake-side\/"},"modified":"2023-04-24T12:47:40","modified_gmt":"2023-04-24T12:47:40","slug":"nextensa-selecteert-architecten-voor-lake-side","status":"publish","type":"post","link":"https:\/\/www.lakeside.brussels\/fr\/nextensa-selecteert-architecten-voor-lake-side\/","title":{"rendered":"Nextensa choisit les architectes pour Lake Side"},"content":{"rendered":"<p>[et_pb_section fb_built=\u00a0\u00bb1&Prime; _builder_version=\u00a0\u00bb4.20.2&Prime; _module_preset=\u00a0\u00bbdefault\u00a0\u00bb global_colors_info=\u00a0\u00bb{}\u00a0\u00bb theme_builder_area=\u00a0\u00bbpost_content\u00a0\u00bb][et_pb_row _builder_version=\u00a0\u00bb4.20.2&Prime; _module_preset=\u00a0\u00bbdefault\u00a0\u00bb global_colors_info=\u00a0\u00bb{}\u00a0\u00bb theme_builder_area=\u00a0\u00bbpost_content\u00a0\u00bb][et_pb_column type=\u00a0\u00bb4_4&Prime; _builder_version=\u00a0\u00bb4.20.2&Prime; _module_preset=\u00a0\u00bbdefault\u00a0\u00bb global_colors_info=\u00a0\u00bb{}\u00a0\u00bb theme_builder_area=\u00a0\u00bbpost_content\u00a0\u00bb][et_pb_text _builder_version=\u00a0\u00bb4.20.2&Prime; _module_preset=\u00a0\u00bbdefault\u00a0\u00bb global_colors_info=\u00a0\u00bb{}\u00a0\u00bb theme_builder_area=\u00a0\u00bbpost_content\u00a0\u00bb]<\/p>\n<p>De investeerder-ontwikkelaar Nextensa heeft <strong>Binst Architects, Cobe, Effekt, HUB en Polo Architects<\/strong> geselecteerd als de architecten voor Lake Side, de volgende residenti\u00eble fase op Tour &amp; Taxis in Brussel.<\/p>\n<p class=\"p1\">Op de oproep, die in samenwerking met de Brusselse Bouwmeester georganiseerd werd, dienden zich 46 kandidaten uit acht landen aan. De vijf geselecteerde architecten zullen nu in samenwerking met MVRDV &#8211; de auteur van het masterplan &#8211; de invulling van het nieuwe stadsdeel verder vormgeven.<\/p>\n<p class=\"p1\">De nieuwe wijk op 6,5 hectare komt recht tegenover de pas gerenoveerde Gare Maritime. Er is ruimte voor 65.000 m\u00b2 nieuwe woningen. Elke architect zal instaan voor het ontwerp van een deel van Lake Side in een vork van 8.000 tot 20.000 m\u00b2. Bureau Bas Smets treedt op als landschapsarchitect.<span class=\"Apple-converted-space\"> <\/span><\/p>\n<p>[\/et_pb_text][et_pb_image src=\u00a0\u00bbhttps:\/\/www.lakeside.brussels\/wp-content\/uploads\/2023\/04\/Expertise_Nextensa_Lakeside.jpg\u00a0\u00bb title_text=\u00a0\u00bbExpertise_Nextensa_Lakeside\u00a0\u00bb _builder_version=\u00a0\u00bb4.20.2&Prime; _module_preset=\u00a0\u00bbdefault\u00a0\u00bb hover_enabled=\u00a0\u00bb0&Prime; global_colors_info=\u00a0\u00bb{}\u00a0\u00bb theme_builder_area=\u00a0\u00bbpost_content\u00a0\u00bb alt=\u00a0\u00bbExpertise_Nextensa_Lakeside\u00a0\u00bb sticky_enabled=\u00a0\u00bb0&Prime;][\/et_pb_image][\/et_pb_column][\/et_pb_row][\/et_pb_section]<\/p>\n","protected":false},"excerpt":{"rendered":"<p>De investeerder-ontwikkelaar Nextensa heeft Binst Architects, Cobe, Effekt, HUB en Polo Architects geselecteerd als de architecten voor Lake Side, de volgende residenti\u00eble fase op Tour &amp; Taxis in Brussel. Op de oproep, die in samenwerking met de Brusselse Bouwmeester georganiseerd werd, dienden zich 46 kandidaten uit acht landen aan. De vijf geselecteerde architecten zullen nu in samenwerking met MVRDV &#8211; de auteur van het masterplan &#8211; de invulling van het nieuwe stadsdeel verder vormgeven. De nieuwe wijk op 6,5 hectare komt recht tegenover de pas gerenoveerde Gare Maritime. Er is ruimte voor 65.000 m\u00b2 nieuwe woningen. Elke architect zal instaan voor het ontwerp van een deel van Lake Side in een vork van 8.000 tot 20.000 m\u00b2. Bureau Bas Smets treedt op als landschapsarchitect.<\/p>\n","protected":false},"author":1,"featured_media":703,"comment_status":"closed","ping_status":"closed","sticky":false,"template":"","format":"standard","meta":{"_acf_changed":false,"_et_pb_use_builder":"on","_et_pb_old_content":"","_et_gb_content_width":"","inline_featured_image":false,"footnotes":"","_links_to":"","_links_to_target":""},"categories":[1],"tags":[],"dipi_cpt_category":[],"class_list":["post-829","post","type-post","status-publish","format-standard","has-post-thumbnail","hentry","category-blog"],"acf":[],"yoast_head":"<!-- This site is optimized with the Yoast SEO plugin v27.4 - https:\/\/yoast.com\/product\/yoast-seo-wordpress\/ -->\n<title>Nextensa choisit les architectes pour Lake Side - Lakeside Brussels<\/title>\n<meta name=\"robots\" content=\"index, follow, max-snippet:-1, max-image-preview:large, max-video-preview:-1\" \/>\n<link rel=\"canonical\" href=\"https:\/\/www.lakeside.brussels\/fr\/nextensa-selecteert-architecten-voor-lake-side\/\" \/>\n<meta property=\"og:locale\" content=\"fr_FR\" \/>\n<meta property=\"og:type\" content=\"article\" \/>\n<meta property=\"og:title\" content=\"Nextensa choisit les architectes pour Lake Side - Lakeside Brussels\" \/>\n<meta property=\"og:description\" content=\"De investeerder-ontwikkelaar Nextensa heeft Binst Architects, Cobe, Effekt, HUB en Polo Architects geselecteerd als de architecten voor Lake Side, de volgende residenti\u00eble fase op Tour &amp; Taxis in Brussel. Op de oproep, die in samenwerking met de Brusselse Bouwmeester georganiseerd werd, dienden zich 46 kandidaten uit acht landen aan. De vijf geselecteerde architecten zullen nu in samenwerking met MVRDV - de auteur van het masterplan - de invulling van het nieuwe stadsdeel verder vormgeven. De nieuwe wijk op 6,5 hectare komt recht tegenover de pas gerenoveerde Gare Maritime. Er is ruimte voor 65.000 m\u00b2 nieuwe woningen. Elke architect zal instaan voor het ontwerp van een deel van Lake Side in een vork van 8.000 tot 20.000 m\u00b2. Bureau Bas Smets treedt op als landschapsarchitect.\" \/>\n<meta property=\"og:url\" content=\"https:\/\/www.lakeside.brussels\/fr\/nextensa-selecteert-architecten-voor-lake-side\/\" \/>\n<meta property=\"og:site_name\" content=\"Lakeside Brussels\" \/>\n<meta property=\"article:published_time\" content=\"2021-11-04T16:19:42+00:00\" \/>\n<meta property=\"article:modified_time\" content=\"2023-04-24T12:47:40+00:00\" \/>\n<meta property=\"og:image\" content=\"https:\/\/www.lakeside.brussels\/wp-content\/uploads\/2021\/11\/BBS185_230307_View-3_M.jpg\" \/>\n\t<meta property=\"og:image:width\" content=\"2500\" \/>\n\t<meta property=\"og:image:height\" content=\"1768\" \/>\n\t<meta property=\"og:image:type\" content=\"image\/jpeg\" \/>\n<meta name=\"author\" content=\"admin\" \/>\n<meta name=\"twitter:card\" content=\"summary_large_image\" \/>\n<meta name=\"twitter:label1\" content=\"\u00c9crit par\" \/>\n\t<meta name=\"twitter:data1\" content=\"admin\" \/>\n\t<meta name=\"twitter:label2\" content=\"Dur\u00e9e de lecture estim\u00e9e\" \/>\n\t<meta name=\"twitter:data2\" content=\"1 minute\" \/>\n<script type=\"application\/ld+json\" class=\"yoast-schema-graph\">{\"@context\":\"https:\\\/\\\/schema.org\",\"@graph\":[{\"@type\":\"Article\",\"@id\":\"https:\\\/\\\/www.lakeside.brussels\\\/fr\\\/nextensa-selecteert-architecten-voor-lake-side\\\/#article\",\"isPartOf\":{\"@id\":\"https:\\\/\\\/www.lakeside.brussels\\\/fr\\\/nextensa-selecteert-architecten-voor-lake-side\\\/\"},\"author\":{\"name\":\"admin\",\"@id\":\"https:\\\/\\\/www.lakeside.brussels\\\/fr\\\/#\\\/schema\\\/person\\\/cb69cde8529f69bfbe6496adaf43aa07\"},\"headline\":\"Nextensa choisit les architectes pour Lake Side\",\"datePublished\":\"2021-11-04T16:19:42+00:00\",\"dateModified\":\"2023-04-24T12:47:40+00:00\",\"mainEntityOfPage\":{\"@id\":\"https:\\\/\\\/www.lakeside.brussels\\\/fr\\\/nextensa-selecteert-architecten-voor-lake-side\\\/\"},\"wordCount\":249,\"publisher\":{\"@id\":\"https:\\\/\\\/www.lakeside.brussels\\\/fr\\\/#organization\"},\"image\":{\"@id\":\"https:\\\/\\\/www.lakeside.brussels\\\/fr\\\/nextensa-selecteert-architecten-voor-lake-side\\\/#primaryimage\"},\"thumbnailUrl\":\"https:\\\/\\\/www.lakeside.brussels\\\/wp-content\\\/uploads\\\/2021\\\/11\\\/BBS185_230307_View-3_M.jpg\",\"articleSection\":[\"Blog\"],\"inLanguage\":\"fr-FR\"},{\"@type\":\"WebPage\",\"@id\":\"https:\\\/\\\/www.lakeside.brussels\\\/fr\\\/nextensa-selecteert-architecten-voor-lake-side\\\/\",\"url\":\"https:\\\/\\\/www.lakeside.brussels\\\/fr\\\/nextensa-selecteert-architecten-voor-lake-side\\\/\",\"name\":\"Nextensa choisit les architectes pour Lake Side - Lakeside Brussels\",\"isPartOf\":{\"@id\":\"https:\\\/\\\/www.lakeside.brussels\\\/fr\\\/#website\"},\"primaryImageOfPage\":{\"@id\":\"https:\\\/\\\/www.lakeside.brussels\\\/fr\\\/nextensa-selecteert-architecten-voor-lake-side\\\/#primaryimage\"},\"image\":{\"@id\":\"https:\\\/\\\/www.lakeside.brussels\\\/fr\\\/nextensa-selecteert-architecten-voor-lake-side\\\/#primaryimage\"},\"thumbnailUrl\":\"https:\\\/\\\/www.lakeside.brussels\\\/wp-content\\\/uploads\\\/2021\\\/11\\\/BBS185_230307_View-3_M.jpg\",\"datePublished\":\"2021-11-04T16:19:42+00:00\",\"dateModified\":\"2023-04-24T12:47:40+00:00\",\"breadcrumb\":{\"@id\":\"https:\\\/\\\/www.lakeside.brussels\\\/fr\\\/nextensa-selecteert-architecten-voor-lake-side\\\/#breadcrumb\"},\"inLanguage\":\"fr-FR\",\"potentialAction\":[{\"@type\":\"ReadAction\",\"target\":[\"https:\\\/\\\/www.lakeside.brussels\\\/fr\\\/nextensa-selecteert-architecten-voor-lake-side\\\/\"]}]},{\"@type\":\"ImageObject\",\"inLanguage\":\"fr-FR\",\"@id\":\"https:\\\/\\\/www.lakeside.brussels\\\/fr\\\/nextensa-selecteert-architecten-voor-lake-side\\\/#primaryimage\",\"url\":\"https:\\\/\\\/www.lakeside.brussels\\\/wp-content\\\/uploads\\\/2021\\\/11\\\/BBS185_230307_View-3_M.jpg\",\"contentUrl\":\"https:\\\/\\\/www.lakeside.brussels\\\/wp-content\\\/uploads\\\/2021\\\/11\\\/BBS185_230307_View-3_M.jpg\",\"width\":2500,\"height\":1768},{\"@type\":\"BreadcrumbList\",\"@id\":\"https:\\\/\\\/www.lakeside.brussels\\\/fr\\\/nextensa-selecteert-architecten-voor-lake-side\\\/#breadcrumb\",\"itemListElement\":[{\"@type\":\"ListItem\",\"position\":1,\"name\":\"Home\",\"item\":\"https:\\\/\\\/www.lakeside.brussels\\\/\"},{\"@type\":\"ListItem\",\"position\":2,\"name\":\"Nextensa choisit les architectes pour Lake Side\"}]},{\"@type\":\"WebSite\",\"@id\":\"https:\\\/\\\/www.lakeside.brussels\\\/fr\\\/#website\",\"url\":\"https:\\\/\\\/www.lakeside.brussels\\\/fr\\\/\",\"name\":\"Lakeside Brussels\",\"description\":\"Informatieplatform van de toekomstbuurt op Tour&amp;Taxis\",\"publisher\":{\"@id\":\"https:\\\/\\\/www.lakeside.brussels\\\/fr\\\/#organization\"},\"potentialAction\":[{\"@type\":\"SearchAction\",\"target\":{\"@type\":\"EntryPoint\",\"urlTemplate\":\"https:\\\/\\\/www.lakeside.brussels\\\/fr\\\/?s={search_term_string}\"},\"query-input\":{\"@type\":\"PropertyValueSpecification\",\"valueRequired\":true,\"valueName\":\"search_term_string\"}}],\"inLanguage\":\"fr-FR\"},{\"@type\":\"Organization\",\"@id\":\"https:\\\/\\\/www.lakeside.brussels\\\/fr\\\/#organization\",\"name\":\"Lakeside Brussels\",\"url\":\"https:\\\/\\\/www.lakeside.brussels\\\/fr\\\/\",\"logo\":{\"@type\":\"ImageObject\",\"inLanguage\":\"fr-FR\",\"@id\":\"https:\\\/\\\/www.lakeside.brussels\\\/fr\\\/#\\\/schema\\\/logo\\\/image\\\/\",\"url\":\"https:\\\/\\\/www.lakeside.brussels\\\/wp-content\\\/uploads\\\/2023\\\/04\\\/Areal-view-scaled.jpg\",\"contentUrl\":\"https:\\\/\\\/www.lakeside.brussels\\\/wp-content\\\/uploads\\\/2023\\\/04\\\/Areal-view-scaled.jpg\",\"width\":2560,\"height\":1539,\"caption\":\"Lakeside Brussels\"},\"image\":{\"@id\":\"https:\\\/\\\/www.lakeside.brussels\\\/fr\\\/#\\\/schema\\\/logo\\\/image\\\/\"}},{\"@type\":\"Person\",\"@id\":\"https:\\\/\\\/www.lakeside.brussels\\\/fr\\\/#\\\/schema\\\/person\\\/cb69cde8529f69bfbe6496adaf43aa07\",\"name\":\"admin\",\"image\":{\"@type\":\"ImageObject\",\"inLanguage\":\"fr-FR\",\"@id\":\"https:\\\/\\\/secure.gravatar.com\\\/avatar\\\/20626e488e8446242eb4b5bbbbac7c448b8c5b13e4c80350e3d311b990b2effa?s=96&d=mm&r=g\",\"url\":\"https:\\\/\\\/secure.gravatar.com\\\/avatar\\\/20626e488e8446242eb4b5bbbbac7c448b8c5b13e4c80350e3d311b990b2effa?s=96&d=mm&r=g\",\"contentUrl\":\"https:\\\/\\\/secure.gravatar.com\\\/avatar\\\/20626e488e8446242eb4b5bbbbac7c448b8c5b13e4c80350e3d311b990b2effa?s=96&d=mm&r=g\",\"caption\":\"admin\"},\"sameAs\":[\"https:\\\/\\\/www.lakeside.brussels\"],\"url\":\"https:\\\/\\\/www.lakeside.brussels\\\/fr\\\/author\\\/admin\\\/\"}]}<\/script>\n<!-- \/ Yoast SEO plugin. -->","yoast_head_json":{"title":"Nextensa choisit les architectes pour Lake Side - Lakeside Brussels","robots":{"index":"index","follow":"follow","max-snippet":"max-snippet:-1","max-image-preview":"max-image-preview:large","max-video-preview":"max-video-preview:-1"},"canonical":"https:\/\/www.lakeside.brussels\/fr\/nextensa-selecteert-architecten-voor-lake-side\/","og_locale":"fr_FR","og_type":"article","og_title":"Nextensa choisit les architectes pour Lake Side - Lakeside Brussels","og_description":"De investeerder-ontwikkelaar Nextensa heeft Binst Architects, Cobe, Effekt, HUB en Polo Architects geselecteerd als de architecten voor Lake Side, de volgende residenti\u00eble fase op Tour &amp; Taxis in Brussel. Op de oproep, die in samenwerking met de Brusselse Bouwmeester georganiseerd werd, dienden zich 46 kandidaten uit acht landen aan. De vijf geselecteerde architecten zullen nu in samenwerking met MVRDV - de auteur van het masterplan - de invulling van het nieuwe stadsdeel verder vormgeven. De nieuwe wijk op 6,5 hectare komt recht tegenover de pas gerenoveerde Gare Maritime. Er is ruimte voor 65.000 m\u00b2 nieuwe woningen. Elke architect zal instaan voor het ontwerp van een deel van Lake Side in een vork van 8.000 tot 20.000 m\u00b2. Bureau Bas Smets treedt op als landschapsarchitect.","og_url":"https:\/\/www.lakeside.brussels\/fr\/nextensa-selecteert-architecten-voor-lake-side\/","og_site_name":"Lakeside Brussels","article_published_time":"2021-11-04T16:19:42+00:00","article_modified_time":"2023-04-24T12:47:40+00:00","og_image":[{"width":2500,"height":1768,"url":"https:\/\/www.lakeside.brussels\/wp-content\/uploads\/2021\/11\/BBS185_230307_View-3_M.jpg","type":"image\/jpeg"}],"author":"admin","twitter_card":"summary_large_image","twitter_misc":{"\u00c9crit par":"admin","Dur\u00e9e de lecture estim\u00e9e":"1 minute"},"schema":{"@context":"https:\/\/schema.org","@graph":[{"@type":"Article","@id":"https:\/\/www.lakeside.brussels\/fr\/nextensa-selecteert-architecten-voor-lake-side\/#article","isPartOf":{"@id":"https:\/\/www.lakeside.brussels\/fr\/nextensa-selecteert-architecten-voor-lake-side\/"},"author":{"name":"admin","@id":"https:\/\/www.lakeside.brussels\/fr\/#\/schema\/person\/cb69cde8529f69bfbe6496adaf43aa07"},"headline":"Nextensa choisit les architectes pour Lake Side","datePublished":"2021-11-04T16:19:42+00:00","dateModified":"2023-04-24T12:47:40+00:00","mainEntityOfPage":{"@id":"https:\/\/www.lakeside.brussels\/fr\/nextensa-selecteert-architecten-voor-lake-side\/"},"wordCount":249,"publisher":{"@id":"https:\/\/www.lakeside.brussels\/fr\/#organization"},"image":{"@id":"https:\/\/www.lakeside.brussels\/fr\/nextensa-selecteert-architecten-voor-lake-side\/#primaryimage"},"thumbnailUrl":"https:\/\/www.lakeside.brussels\/wp-content\/uploads\/2021\/11\/BBS185_230307_View-3_M.jpg","articleSection":["Blog"],"inLanguage":"fr-FR"},{"@type":"WebPage","@id":"https:\/\/www.lakeside.brussels\/fr\/nextensa-selecteert-architecten-voor-lake-side\/","url":"https:\/\/www.lakeside.brussels\/fr\/nextensa-selecteert-architecten-voor-lake-side\/","name":"Nextensa choisit les architectes pour Lake Side - Lakeside Brussels","isPartOf":{"@id":"https:\/\/www.lakeside.brussels\/fr\/#website"},"primaryImageOfPage":{"@id":"https:\/\/www.lakeside.brussels\/fr\/nextensa-selecteert-architecten-voor-lake-side\/#primaryimage"},"image":{"@id":"https:\/\/www.lakeside.brussels\/fr\/nextensa-selecteert-architecten-voor-lake-side\/#primaryimage"},"thumbnailUrl":"https:\/\/www.lakeside.brussels\/wp-content\/uploads\/2021\/11\/BBS185_230307_View-3_M.jpg","datePublished":"2021-11-04T16:19:42+00:00","dateModified":"2023-04-24T12:47:40+00:00","breadcrumb":{"@id":"https:\/\/www.lakeside.brussels\/fr\/nextensa-selecteert-architecten-voor-lake-side\/#breadcrumb"},"inLanguage":"fr-FR","potentialAction":[{"@type":"ReadAction","target":["https:\/\/www.lakeside.brussels\/fr\/nextensa-selecteert-architecten-voor-lake-side\/"]}]},{"@type":"ImageObject","inLanguage":"fr-FR","@id":"https:\/\/www.lakeside.brussels\/fr\/nextensa-selecteert-architecten-voor-lake-side\/#primaryimage","url":"https:\/\/www.lakeside.brussels\/wp-content\/uploads\/2021\/11\/BBS185_230307_View-3_M.jpg","contentUrl":"https:\/\/www.lakeside.brussels\/wp-content\/uploads\/2021\/11\/BBS185_230307_View-3_M.jpg","width":2500,"height":1768},{"@type":"BreadcrumbList","@id":"https:\/\/www.lakeside.brussels\/fr\/nextensa-selecteert-architecten-voor-lake-side\/#breadcrumb","itemListElement":[{"@type":"ListItem","position":1,"name":"Home","item":"https:\/\/www.lakeside.brussels\/"},{"@type":"ListItem","position":2,"name":"Nextensa choisit les architectes pour Lake Side"}]},{"@type":"WebSite","@id":"https:\/\/www.lakeside.brussels\/fr\/#website","url":"https:\/\/www.lakeside.brussels\/fr\/","name":"Lakeside Brussels","description":"Informatieplatform van de toekomstbuurt op Tour&amp;Taxis","publisher":{"@id":"https:\/\/www.lakeside.brussels\/fr\/#organization"},"potentialAction":[{"@type":"SearchAction","target":{"@type":"EntryPoint","urlTemplate":"https:\/\/www.lakeside.brussels\/fr\/?s={search_term_string}"},"query-input":{"@type":"PropertyValueSpecification","valueRequired":true,"valueName":"search_term_string"}}],"inLanguage":"fr-FR"},{"@type":"Organization","@id":"https:\/\/www.lakeside.brussels\/fr\/#organization","name":"Lakeside Brussels","url":"https:\/\/www.lakeside.brussels\/fr\/","logo":{"@type":"ImageObject","inLanguage":"fr-FR","@id":"https:\/\/www.lakeside.brussels\/fr\/#\/schema\/logo\/image\/","url":"https:\/\/www.lakeside.brussels\/wp-content\/uploads\/2023\/04\/Areal-view-scaled.jpg","contentUrl":"https:\/\/www.lakeside.brussels\/wp-content\/uploads\/2023\/04\/Areal-view-scaled.jpg","width":2560,"height":1539,"caption":"Lakeside Brussels"},"image":{"@id":"https:\/\/www.lakeside.brussels\/fr\/#\/schema\/logo\/image\/"}},{"@type":"Person","@id":"https:\/\/www.lakeside.brussels\/fr\/#\/schema\/person\/cb69cde8529f69bfbe6496adaf43aa07","name":"admin","image":{"@type":"ImageObject","inLanguage":"fr-FR","@id":"https:\/\/secure.gravatar.com\/avatar\/20626e488e8446242eb4b5bbbbac7c448b8c5b13e4c80350e3d311b990b2effa?s=96&d=mm&r=g","url":"https:\/\/secure.gravatar.com\/avatar\/20626e488e8446242eb4b5bbbbac7c448b8c5b13e4c80350e3d311b990b2effa?s=96&d=mm&r=g","contentUrl":"https:\/\/secure.gravatar.com\/avatar\/20626e488e8446242eb4b5bbbbac7c448b8c5b13e4c80350e3d311b990b2effa?s=96&d=mm&r=g","caption":"admin"},"sameAs":["https:\/\/www.lakeside.brussels"],"url":"https:\/\/www.lakeside.brussels\/fr\/author\/admin\/"}]}},"_links":{"self":[{"href":"https:\/\/www.lakeside.brussels\/fr\/wp-json\/wp\/v2\/posts\/829","targetHints":{"allow":["GET"]}}],"collection":[{"href":"https:\/\/www.lakeside.brussels\/fr\/wp-json\/wp\/v2\/posts"}],"about":[{"href":"https:\/\/www.lakeside.brussels\/fr\/wp-json\/wp\/v2\/types\/post"}],"author":[{"embeddable":true,"href":"https:\/\/www.lakeside.brussels\/fr\/wp-json\/wp\/v2\/users\/1"}],"replies":[{"embeddable":true,"href":"https:\/\/www.lakeside.brussels\/fr\/wp-json\/wp\/v2\/comments?post=829"}],"version-history":[{"count":11,"href":"https:\/\/www.lakeside.brussels\/fr\/wp-json\/wp\/v2\/posts\/829\/revisions"}],"predecessor-version":[{"id":1446,"href":"https:\/\/www.lakeside.brussels\/fr\/wp-json\/wp\/v2\/posts\/829\/revisions\/1446"}],"wp:featuredmedia":[{"embeddable":true,"href":"https:\/\/www.lakeside.brussels\/fr\/wp-json\/wp\/v2\/media\/703"}],"wp:attachment":[{"href":"https:\/\/www.lakeside.brussels\/fr\/wp-json\/wp\/v2\/media?parent=829"}],"wp:term":[{"taxonomy":"category","embeddable":true,"href":"https:\/\/www.lakeside.brussels\/fr\/wp-json\/wp\/v2\/categories?post=829"},{"taxonomy":"post_tag","embeddable":true,"href":"https:\/\/www.lakeside.brussels\/fr\/wp-json\/wp\/v2\/tags?post=829"},{"taxonomy":"dipi_cpt_category","embeddable":true,"href":"https:\/\/www.lakeside.brussels\/fr\/wp-json\/wp\/v2\/dipi_cpt_category?post=829"}],"curies":[{"name":"wp","href":"https:\/\/api.w.org\/{rel}","templated":true}]}}